{"id":1169,"date":"2024-04-13T13:49:40","date_gmt":"2024-04-13T13:49:40","guid":{"rendered":"https:\/\/viana.carmelitas.pt\/?p=1169"},"modified":"2024-04-18T14:05:16","modified_gmt":"2024-04-18T14:05:16","slug":"conversas-carmelitas-sobre-a-vocacao","status":"publish","type":"post","link":"https:\/\/viana.carmelitas.pt\/?p=1169","title":{"rendered":"Conversas Carmelitas sobre a voca\u00e7\u00e3o"},"content":{"rendered":"\n<p>De 14 a 21 de abril, a Igreja vive a Semana de Ora\u00e7\u00e3o pelas Voca\u00e7\u00f5es. A pergunta \u201cPara quem sou?\u201d, extra\u00edda da Exorta\u00e7\u00e3o Apost\u00f3lica do Papa Francisco aos jovens, \u201cCristo vive\u201d (n\u00ba 286), serve de mote a esta iniciativa em Portugal. <br>A Ordem dos Carmelitas Descal\u00e7os assinalar\u00e1 esta semana com as \u201cConversas carmelitas sobre a voca\u00e7\u00e3o\u201d. Este ciclo de di\u00e1logos entre membros da fam\u00edlia carmelita decorrer\u00e1 online, atrav\u00e9s da plataforma zoom, nos dias 14, 17 e 21 de abril, sempre pelas 21 horas. O carmelita Pe. Andr\u00e9 Morais, ordenado em julho de 2023, e o jovem casal Carolina e Marco Freitas da Silva, que celebraram o seu matrim\u00f3nio em dezembro de 2023, inauguraram o ciclo, com um di\u00e1logo acerca de como s\u00e3o os primeiros tempos depois de assumir um projeto vocacional. No dia 17 de abril, o carmelita Pe. Carlos Vieira e o casal M\u00e1rcia Vieira e Gustavo Borges, carmelitas seculares, ir\u00e3o conversar acerca do que \u00e9 a voca\u00e7\u00e3o e dos caminhos para a descobrir e assumir. Para encerrar a semana, no dia 21 de abril, ser\u00e1 a vez do jovem carmelita Frei David Esteves e do casal de namorados Jos\u00e9 Maria Canotilho e Nara Costa conversarem sobre o namoro e a forma\u00e7\u00e3o para a vida religiosa como caminhos para uma grande decis\u00e3o vocacional.<\/p>\n\n\n\n<p>Para aceder a estas conversas, que come\u00e7am sempre \u00e0s 21h e ter\u00e3o a dura\u00e7\u00e3o de 45 minutos, aproximadamente, basta aceder \u00e0 plataforma zoom atrav\u00e9s do link: <a href=\"https:\/\/us06web.zoom.us\/j\/88979393832?pwd=SNqZanr1Gqv4BPQVca2MmtJ9Bbt0Mu.1\">https:\/\/us06web.zoom.us\/j\/88979393832?pwd=SNqZanr1Gqv4BPQVca2MmtJ9Bbt0Mu.1<\/a><\/p>\n","protected":false},"excerpt":{"rendered":"<p>De 14 a 21 de abril, a Igreja vive a Semana de Ora\u00e7\u00e3o pelas Voca\u00e7\u00f5es. A pergunta \u201cPara quem sou?\u201d, extra\u00edda da Exorta\u00e7\u00e3o Apost\u00f3lica do<\/p>\n","protected":false},"author":1,"featured_media":1170,"comment_status":"open","ping_status":"open","sticky":false,"template":"","format":"standard","meta":{"footnotes":""},"categories":[1],"tags":[],"class_list":["post-1169","post","type-post","status-publish","format-standard","has-post-thumbnail","hentry","category-informacoes"],"_links":{"self":[{"href":"https:\/\/viana.carmelitas.pt\/index.php?rest_route=\/wp\/v2\/posts\/1169","targetHints":{"allow":["GET"]}}],"collection":[{"href":"https:\/\/viana.carmelitas.pt\/index.php?rest_route=\/wp\/v2\/posts"}],"about":[{"href":"https:\/\/viana.carmelitas.pt\/index.php?rest_route=\/wp\/v2\/types\/post"}],"author":[{"embeddable":true,"href":"https:\/\/viana.carmelitas.pt\/index.php?rest_route=\/wp\/v2\/users\/1"}],"replies":[{"embeddable":true,"href":"https:\/\/viana.carmelitas.pt\/index.php?rest_route=%2Fwp%2Fv2%2Fcomments&post=1169"}],"version-history":[{"count":2,"href":"https:\/\/viana.carmelitas.pt\/index.php?rest_route=\/wp\/v2\/posts\/1169\/revisions"}],"predecessor-version":[{"id":1172,"href":"https:\/\/viana.carmelitas.pt\/index.php?rest_route=\/wp\/v2\/posts\/1169\/revisions\/1172"}],"wp:featuredmedia":[{"embeddable":true,"href":"https:\/\/viana.carmelitas.pt\/index.php?rest_route=\/wp\/v2\/media\/1170"}],"wp:attachment":[{"href":"https:\/\/viana.carmelitas.pt\/index.php?rest_route=%2Fwp%2Fv2%2Fmedia&parent=1169"}],"wp:term":[{"taxonomy":"category","embeddable":true,"href":"https:\/\/viana.carmelitas.pt\/index.php?rest_route=%2Fwp%2Fv2%2Fcategories&post=1169"},{"taxonomy":"post_tag","embeddable":true,"href":"https:\/\/viana.carmelitas.pt\/index.php?rest_route=%2Fwp%2Fv2%2Ftags&post=1169"}],"curies":[{"name":"wp","href":"https:\/\/api.w.org\/{rel}","templated":true}]}}