{"id":1173,"date":"2024-04-18T14:12:53","date_gmt":"2024-04-18T14:12:53","guid":{"rendered":"https:\/\/viana.carmelitas.pt\/?p=1173"},"modified":"2024-04-21T14:25:14","modified_gmt":"2024-04-21T14:25:14","slug":"amado","status":"publish","type":"post","link":"https:\/\/viana.carmelitas.pt\/?p=1173","title":{"rendered":"Amado?"},"content":{"rendered":"\n<p>Se nos permitirmos a n\u00f3s pr\u00f3prios aprender com o insucesso, este torna-se um \u00eaxito espec\u00edfico. Deus n\u00e3o tem de castigar o orgulho; mas o orgulho impedir-nos-\u00e1 de aprender seja com quem for. A lux\u00faria tamb\u00e9m tornar\u00e1 o amor imposs\u00edvel. Al\u00e9m disso, a cobi\u00e7a tornar\u00e1 o contentamento imposs\u00edvel. A gan\u00e2ncia tornar\u00e1 a serenidade imposs\u00edvel. E a ira tamb\u00e9m tornar\u00e1 a paz interior imposs\u00edvel. Por\u00e9m, tudo isso nos transmitir\u00e1 uma profundidade de compreens\u00e3o que n\u00f3s, talvez, nunca tiv\u00e9ssemos alcan\u00e7ado de outro modo. \u00c9 aquilo que n\u00f3s aprendemos com os nossos fracassos que nos conduzir\u00e1 a novos n\u00edveis de santidade. Cair \u00e9 ter a oportunidade de come\u00e7ar de novo; dessa vez, mais sensatos. O fracasso n\u00e3o \u00e9 o fim da vida; \u00e9 o in\u00edcio de um novo modo de viver. O fracasso faz-nos chegar mais longe do que seria de esperar que fosse poss\u00edvel. <br>O fracasso \u00e9 a li\u00e7\u00e3o que me ensina que eu n\u00e3o sou autossuficiente. D\u00e1-me a oportunidade de reconhecer os dons dos outros e de depender deles. Tenhamos cuidado com a depend\u00eancia da perfei\u00e7\u00e3o: esta, ou nos engana ou nos deita abaixo. <br>Pode enganar-nos fazendo-nos pensar que realmente somos \u201cperfeitos\u201d; ou pode provocar-nos um esgotamento, quando finalmente tivermos de admitir que n\u00e3o o somos.<\/p>\n\n\n\n<p>Aprendamos a repetir como a m\u00edstica Teresa do Menino Jesus:<br><br>\u201cViver de amor \u00e9 guardar em mim<br>Um tesouro num vaso mortal.<br>Fr\u00e1gil sou &#8211; e muito -, meu Amado;<br>N\u00e3o sou anjo, n\u00e3o sou, n\u00e3o!\u2026<br>E o meu cair a cada passo<br>Traz-Te at\u00e9 mim a levantar-me:<\/p>\n\n\n\n<p>\u00c9 pura gra\u00e7a o que me d\u00e1s a todo o instante: Vivo de amor!\u201d<br>Quando finalmente come\u00e7amos a sentir-nos confort\u00e1veis com o fracasso, somos livres para tentar tudo na vida. Na realidade, o fracasso n\u00e3o existe. Existe apenas a oportunidade de descobrirmos<br>mais acerca de n\u00f3s pr\u00f3prios, mais acerca da caminhada para Deus, ao longo da vida.<\/p>\n\n\n\n<p class=\"has-text-align-right\"><strong>Marco Caldas, OCD<\/strong><\/p>\n","protected":false},"excerpt":{"rendered":"<p>Se nos permitirmos a n\u00f3s pr\u00f3prios aprender com o insucesso, este torna-se um \u00eaxito espec\u00edfico. Deus n\u00e3o tem de castigar o orgulho; mas o orgulho<\/p>\n","protected":false},"author":1,"featured_media":1177,"comment_status":"open","ping_status":"open","sticky":false,"template":"","format":"standard","meta":{"footnotes":""},"categories":[1],"tags":[],"class_list":["post-1173","post","type-post","status-publish","format-standard","has-post-thumbnail","hentry","category-informacoes"],"_links":{"self":[{"href":"https:\/\/viana.carmelitas.pt\/index.php?rest_route=\/wp\/v2\/posts\/1173","targetHints":{"allow":["GET"]}}],"collection":[{"href":"https:\/\/viana.carmelitas.pt\/index.php?rest_route=\/wp\/v2\/posts"}],"about":[{"href":"https:\/\/viana.carmelitas.pt\/index.php?rest_route=\/wp\/v2\/types\/post"}],"author":[{"embeddable":true,"href":"https:\/\/viana.carmelitas.pt\/index.php?rest_route=\/wp\/v2\/users\/1"}],"replies":[{"embeddable":true,"href":"https:\/\/viana.carmelitas.pt\/index.php?rest_route=%2Fwp%2Fv2%2Fcomments&post=1173"}],"version-history":[{"count":2,"href":"https:\/\/viana.carmelitas.pt\/index.php?rest_route=\/wp\/v2\/posts\/1173\/revisions"}],"predecessor-version":[{"id":1180,"href":"https:\/\/viana.carmelitas.pt\/index.php?rest_route=\/wp\/v2\/posts\/1173\/revisions\/1180"}],"wp:featuredmedia":[{"embeddable":true,"href":"https:\/\/viana.carmelitas.pt\/index.php?rest_route=\/wp\/v2\/media\/1177"}],"wp:attachment":[{"href":"https:\/\/viana.carmelitas.pt\/index.php?rest_route=%2Fwp%2Fv2%2Fmedia&parent=1173"}],"wp:term":[{"taxonomy":"category","embeddable":true,"href":"https:\/\/viana.carmelitas.pt\/index.php?rest_route=%2Fwp%2Fv2%2Fcategories&post=1173"},{"taxonomy":"post_tag","embeddable":true,"href":"https:\/\/viana.carmelitas.pt\/index.php?rest_route=%2Fwp%2Fv2%2Ftags&post=1173"}],"curies":[{"name":"wp","href":"https:\/\/api.w.org\/{rel}","templated":true}]}}