{"id":1181,"date":"2024-04-24T09:29:03","date_gmt":"2024-04-24T09:29:03","guid":{"rendered":"https:\/\/viana.carmelitas.pt\/?p=1181"},"modified":"2024-04-27T14:10:58","modified_gmt":"2024-04-27T14:10:58","slug":"nao-sabias-que","status":"publish","type":"post","link":"https:\/\/viana.carmelitas.pt\/?p=1181","title":{"rendered":"Sabia que\u2026"},"content":{"rendered":"\n<p><strong>Escuta e Acompanhamento Espiritual<\/strong><\/p>\n\n\n\n<p>Na comunidade carmelita de Viana do Castelo encontra escuta e acompanhamento Espiritual. <br>O ser escutado \u00e9, hoje, uma necessidade existencial e espiritual. A nossa comunidade disponibiliza uma escuta ativa a pessoas que atravessem momentos dif\u00edceis, como doen\u00e7as, solid\u00e3o, conflitos familiares ou crises de f\u00e9.<\/p>\n\n\n\n<p>Desde uma confid\u00eancia a um desabafo, passando por um conselho com uma palavra amiga, um olhar carinhoso, problemas de f\u00e9 ou falta de esperan\u00e7a\u2026 acolher e ouvir as pessoas em situa\u00e7\u00e3o de maior sofrimento ou necessidade, tal \u00e9 a nossa miss\u00e3o.<\/p>\n\n\n\n<p>Trata-se de um servi\u00e7o a qualquer pessoa, independentemente da sua condi\u00e7\u00e3o social ou religi\u00e3o. \u00c9 uma escuta e acompanhamento espiritual \u00e0 luz da Palavra de Deus e da f\u00e9 da Igreja Cat\u00f3lica, com sigilo e privacidade.<\/p>\n\n\n\n<p>Para marcar atendimento: <\/p>\n\n\n\n<p><strong>Email:<\/strong> viana@carmelitas.pt | <strong>Telefone<\/strong> 258 822 264<\/p>\n\n\n\n<p>Carmelitas Descal\u00e7os<br>Rua do Carmo, 1<br>4900-478 Viana do Castelo<\/p>\n","protected":false},"excerpt":{"rendered":"<p>Escuta e Acompanhamento Espiritual Na comunidade carmelita de Viana do Castelo encontra escuta e acompanhamento Espiritual. O ser escutado \u00e9, hoje, uma necessidade existencial e<\/p>\n","protected":false},"author":1,"featured_media":1183,"comment_status":"open","ping_status":"open","sticky":false,"template":"","format":"standard","meta":{"footnotes":""},"categories":[1],"tags":[],"class_list":["post-1181","post","type-post","status-publish","format-standard","has-post-thumbnail","hentry","category-informacoes"],"_links":{"self":[{"href":"https:\/\/viana.carmelitas.pt\/index.php?rest_route=\/wp\/v2\/posts\/1181","targetHints":{"allow":["GET"]}}],"collection":[{"href":"https:\/\/viana.carmelitas.pt\/index.php?rest_route=\/wp\/v2\/posts"}],"about":[{"href":"https:\/\/viana.carmelitas.pt\/index.php?rest_route=\/wp\/v2\/types\/post"}],"author":[{"embeddable":true,"href":"https:\/\/viana.carmelitas.pt\/index.php?rest_route=\/wp\/v2\/users\/1"}],"replies":[{"embeddable":true,"href":"https:\/\/viana.carmelitas.pt\/index.php?rest_route=%2Fwp%2Fv2%2Fcomments&post=1181"}],"version-history":[{"count":3,"href":"https:\/\/viana.carmelitas.pt\/index.php?rest_route=\/wp\/v2\/posts\/1181\/revisions"}],"predecessor-version":[{"id":1188,"href":"https:\/\/viana.carmelitas.pt\/index.php?rest_route=\/wp\/v2\/posts\/1181\/revisions\/1188"}],"wp:featuredmedia":[{"embeddable":true,"href":"https:\/\/viana.carmelitas.pt\/index.php?rest_route=\/wp\/v2\/media\/1183"}],"wp:attachment":[{"href":"https:\/\/viana.carmelitas.pt\/index.php?rest_route=%2Fwp%2Fv2%2Fmedia&parent=1181"}],"wp:term":[{"taxonomy":"category","embeddable":true,"href":"https:\/\/viana.carmelitas.pt\/index.php?rest_route=%2Fwp%2Fv2%2Fcategories&post=1181"},{"taxonomy":"post_tag","embeddable":true,"href":"https:\/\/viana.carmelitas.pt\/index.php?rest_route=%2Fwp%2Fv2%2Ftags&post=1181"}],"curies":[{"name":"wp","href":"https:\/\/api.w.org\/{rel}","templated":true}]}}