{"id":1203,"date":"2024-05-02T09:10:24","date_gmt":"2024-05-02T09:10:24","guid":{"rendered":"https:\/\/viana.carmelitas.pt\/?p=1203"},"modified":"2024-05-02T09:21:42","modified_gmt":"2024-05-02T09:21:42","slug":"mes-de-maio-mes-de-maria","status":"publish","type":"post","link":"https:\/\/viana.carmelitas.pt\/?p=1203","title":{"rendered":"M\u00eas de Maio, M\u00eas de Maria"},"content":{"rendered":"\n<p>iniciamos o M\u00eas de Maria. <\/p>\n\n\n\n<p>Fazemo-lo no contexto do Ano da Ora\u00e7\u00e3o,<\/p>\n\n\n\n<p>em prepara\u00e7\u00e3o do pr\u00f3ximo Jubileu.<\/p>\n\n\n\n<p>Segunda a Sexta, \u00e0s 18h30; <\/p>\n\n\n\n<p>S\u00e1bados e domingos, \u00e0s 17h30.<\/p>\n","protected":false},"excerpt":{"rendered":"<p>iniciamos o M\u00eas de Maria. Fazemo-lo no contexto do Ano da Ora\u00e7\u00e3o, em prepara\u00e7\u00e3o do pr\u00f3ximo Jubileu. Segunda a Sexta, \u00e0s 18h30; S\u00e1bados e domingos,<\/p>\n","protected":false},"author":1,"featured_media":1210,"comment_status":"open","ping_status":"open","sticky":false,"template":"","format":"standard","meta":{"footnotes":""},"categories":[1],"tags":[],"class_list":["post-1203","post","type-post","status-publish","format-standard","has-post-thumbnail","hentry","category-informacoes"],"_links":{"self":[{"href":"https:\/\/viana.carmelitas.pt\/index.php?rest_route=\/wp\/v2\/posts\/1203","targetHints":{"allow":["GET"]}}],"collection":[{"href":"https:\/\/viana.carmelitas.pt\/index.php?rest_route=\/wp\/v2\/posts"}],"about":[{"href":"https:\/\/viana.carmelitas.pt\/index.php?rest_route=\/wp\/v2\/types\/post"}],"author":[{"embeddable":true,"href":"https:\/\/viana.carmelitas.pt\/index.php?rest_route=\/wp\/v2\/users\/1"}],"replies":[{"embeddable":true,"href":"https:\/\/viana.carmelitas.pt\/index.php?rest_route=%2Fwp%2Fv2%2Fcomments&post=1203"}],"version-history":[{"count":1,"href":"https:\/\/viana.carmelitas.pt\/index.php?rest_route=\/wp\/v2\/posts\/1203\/revisions"}],"predecessor-version":[{"id":1205,"href":"https:\/\/viana.carmelitas.pt\/index.php?rest_route=\/wp\/v2\/posts\/1203\/revisions\/1205"}],"wp:featuredmedia":[{"embeddable":true,"href":"https:\/\/viana.carmelitas.pt\/index.php?rest_route=\/wp\/v2\/media\/1210"}],"wp:attachment":[{"href":"https:\/\/viana.carmelitas.pt\/index.php?rest_route=%2Fwp%2Fv2%2Fmedia&parent=1203"}],"wp:term":[{"taxonomy":"category","embeddable":true,"href":"https:\/\/viana.carmelitas.pt\/index.php?rest_route=%2Fwp%2Fv2%2Fcategories&post=1203"},{"taxonomy":"post_tag","embeddable":true,"href":"https:\/\/viana.carmelitas.pt\/index.php?rest_route=%2Fwp%2Fv2%2Ftags&post=1203"}],"curies":[{"name":"wp","href":"https:\/\/api.w.org\/{rel}","templated":true}]}}