{"id":1206,"date":"2024-05-02T09:19:17","date_gmt":"2024-05-02T09:19:17","guid":{"rendered":"https:\/\/viana.carmelitas.pt\/?p=1206"},"modified":"2024-05-02T09:21:17","modified_gmt":"2024-05-02T09:21:17","slug":"agenda-de-maio","status":"publish","type":"post","link":"https:\/\/viana.carmelitas.pt\/?p=1206","title":{"rendered":"Agenda de Maio"},"content":{"rendered":"\n<p class=\"has-medium-font-size\">\u00abMinha alegria \u00e9 ficar pequenina Por isso quando caio no caminho Posso levantar-me rapidamente E Jesus pega-me na m\u00e3o. Ent\u00e3o enchendo-O de car\u00edcias Digo-lhe que \u00e9 tudo para mim E redobro a minha ternura Quando se esconde \u00e0 minha f\u00e9.\u00bb <\/p>\n\n\n\n<p class=\"has-medium-font-size\">Santa Teresa do Menino Jesus | 1873 \u2013 1897 Poesia 45, 4 Jesus, ser sempre<\/p>\n","protected":false},"excerpt":{"rendered":"<p>\u00abMinha alegria \u00e9 ficar pequenina Por isso quando caio no caminho Posso levantar-me rapidamente E Jesus pega-me na m\u00e3o. Ent\u00e3o enchendo-O de car\u00edcias Digo-lhe que<\/p>\n","protected":false},"author":1,"featured_media":1209,"comment_status":"open","ping_status":"open","sticky":false,"template":"","format":"standard","meta":{"footnotes":""},"categories":[1],"tags":[],"class_list":["post-1206","post","type-post","status-publish","format-standard","has-post-thumbnail","hentry","category-informacoes"],"_links":{"self":[{"href":"https:\/\/viana.carmelitas.pt\/index.php?rest_route=\/wp\/v2\/posts\/1206","targetHints":{"allow":["GET"]}}],"collection":[{"href":"https:\/\/viana.carmelitas.pt\/index.php?rest_route=\/wp\/v2\/posts"}],"about":[{"href":"https:\/\/viana.carmelitas.pt\/index.php?rest_route=\/wp\/v2\/types\/post"}],"author":[{"embeddable":true,"href":"https:\/\/viana.carmelitas.pt\/index.php?rest_route=\/wp\/v2\/users\/1"}],"replies":[{"embeddable":true,"href":"https:\/\/viana.carmelitas.pt\/index.php?rest_route=%2Fwp%2Fv2%2Fcomments&post=1206"}],"version-history":[{"count":1,"href":"https:\/\/viana.carmelitas.pt\/index.php?rest_route=\/wp\/v2\/posts\/1206\/revisions"}],"predecessor-version":[{"id":1208,"href":"https:\/\/viana.carmelitas.pt\/index.php?rest_route=\/wp\/v2\/posts\/1206\/revisions\/1208"}],"wp:featuredmedia":[{"embeddable":true,"href":"https:\/\/viana.carmelitas.pt\/index.php?rest_route=\/wp\/v2\/media\/1209"}],"wp:attachment":[{"href":"https:\/\/viana.carmelitas.pt\/index.php?rest_route=%2Fwp%2Fv2%2Fmedia&parent=1206"}],"wp:term":[{"taxonomy":"category","embeddable":true,"href":"https:\/\/viana.carmelitas.pt\/index.php?rest_route=%2Fwp%2Fv2%2Fcategories&post=1206"},{"taxonomy":"post_tag","embeddable":true,"href":"https:\/\/viana.carmelitas.pt\/index.php?rest_route=%2Fwp%2Fv2%2Ftags&post=1206"}],"curies":[{"name":"wp","href":"https:\/\/api.w.org\/{rel}","templated":true}]}}