{"id":1212,"date":"2024-05-29T15:29:43","date_gmt":"2024-05-29T15:29:43","guid":{"rendered":"https:\/\/viana.carmelitas.pt\/?p=1212"},"modified":"2024-05-29T15:29:44","modified_gmt":"2024-05-29T15:29:44","slug":"agenda-de-junho","status":"publish","type":"post","link":"https:\/\/viana.carmelitas.pt\/?p=1212","title":{"rendered":"Agenda de Junho"},"content":{"rendered":"\n<p>Reserva na tua agenda.<br>A ora\u00e7\u00e3o deve ser para cada crist\u00e3o a b\u00fassola que orienta, a<br>luz que ilumina o caminho e a for\u00e7a que sustenta na peregrina\u00e7\u00e3o terrena.<\/p>\n","protected":false},"excerpt":{"rendered":"<p>Reserva na tua agenda.A ora\u00e7\u00e3o deve ser para cada crist\u00e3o a b\u00fassola que orienta, aluz que ilumina o caminho e a for\u00e7a que sustenta na<\/p>\n","protected":false},"author":1,"featured_media":1214,"comment_status":"open","ping_status":"open","sticky":false,"template":"","format":"standard","meta":{"footnotes":""},"categories":[1],"tags":[],"class_list":["post-1212","post","type-post","status-publish","format-standard","has-post-thumbnail","hentry","category-informacoes"],"_links":{"self":[{"href":"https:\/\/viana.carmelitas.pt\/index.php?rest_route=\/wp\/v2\/posts\/1212","targetHints":{"allow":["GET"]}}],"collection":[{"href":"https:\/\/viana.carmelitas.pt\/index.php?rest_route=\/wp\/v2\/posts"}],"about":[{"href":"https:\/\/viana.carmelitas.pt\/index.php?rest_route=\/wp\/v2\/types\/post"}],"author":[{"embeddable":true,"href":"https:\/\/viana.carmelitas.pt\/index.php?rest_route=\/wp\/v2\/users\/1"}],"replies":[{"embeddable":true,"href":"https:\/\/viana.carmelitas.pt\/index.php?rest_route=%2Fwp%2Fv2%2Fcomments&post=1212"}],"version-history":[{"count":1,"href":"https:\/\/viana.carmelitas.pt\/index.php?rest_route=\/wp\/v2\/posts\/1212\/revisions"}],"predecessor-version":[{"id":1215,"href":"https:\/\/viana.carmelitas.pt\/index.php?rest_route=\/wp\/v2\/posts\/1212\/revisions\/1215"}],"wp:featuredmedia":[{"embeddable":true,"href":"https:\/\/viana.carmelitas.pt\/index.php?rest_route=\/wp\/v2\/media\/1214"}],"wp:attachment":[{"href":"https:\/\/viana.carmelitas.pt\/index.php?rest_route=%2Fwp%2Fv2%2Fmedia&parent=1212"}],"wp:term":[{"taxonomy":"category","embeddable":true,"href":"https:\/\/viana.carmelitas.pt\/index.php?rest_route=%2Fwp%2Fv2%2Fcategories&post=1212"},{"taxonomy":"post_tag","embeddable":true,"href":"https:\/\/viana.carmelitas.pt\/index.php?rest_route=%2Fwp%2Fv2%2Ftags&post=1212"}],"curies":[{"name":"wp","href":"https:\/\/api.w.org\/{rel}","templated":true}]}}