{"id":1216,"date":"2024-05-29T15:45:56","date_gmt":"2024-05-29T15:45:56","guid":{"rendered":"https:\/\/viana.carmelitas.pt\/?p=1216"},"modified":"2024-05-29T15:48:03","modified_gmt":"2024-05-29T15:48:03","slug":"centrados","status":"publish","type":"post","link":"https:\/\/viana.carmelitas.pt\/?p=1216","title":{"rendered":"Centrados"},"content":{"rendered":"\n<p>Aquilo que n\u00f3s somos no profundo de n\u00f3s mesmos determina aquilo que passamos a vida a fazer. Mas todo o esfor\u00e7o do mundo nos garante que realizamos aquilo que tanto nos esfor\u00e7amos<br>por alcan\u00e7ar. Garante, de facto, uma vida estimulante.<br>Todos os esfor\u00e7os que eu envido para tornar o meu mundo melhor podem n\u00e3o mudar absolutamente nada durante a minha vida, mas podem possibilitar que outra pessoa o fa\u00e7a mais tarde.<br>O centro do nosso cora\u00e7\u00e3o est\u00e1 na maior determina\u00e7\u00e3o de desejar contentar a Deus em tudo, procurando n\u00e3o O ofender. Para a m\u00edstica Santa Teresa de Jesus \u201cestes s\u00e3o os sinais do amor\u201d. Devemos ter sempre alguma coisa a perseguir que valha esse esfor\u00e7o. Caso contr\u00e1rio, n\u00e3o h\u00e1 raz\u00e3o para viver. No entanto, nunca devemos ter tantas coisas em vista que se torne imposs\u00edvel alcan\u00e7\u00e1-las. Caso contr\u00e1rio, n\u00e3o h\u00e1 raz\u00e3o para tentar.<br>Na realidade, o que conta n\u00e3o \u00e9 que por\u00e7\u00e3o da minha vida terei de gastar para alcan\u00e7ar determinadas coisas, mas se valer\u00e1 realmente a pena gast\u00e1-la, para come\u00e7ar. Aquilo que n\u00f3s pagamos por determinada coisa, em termos da nossa pr\u00f3pria vida, deve valer uma vida.<br>A verdade, a bondade e a beleza, dizem-nos os fil\u00f3sofos, s\u00e3o as coisas mais valiosas da vida. Por essas coisas, devemos estar dispostos a pagar qualquer pre\u00e7o.<br>Al\u00e9m disso, recorda-nos o m\u00edstico Jo\u00e3o da Cruz que no \u201centardecer da vida, seremos julgados apenas pelo amor\u201d. <br>Gastar a nossa vida naquilo que \u00e9 essencial, essa sim, \u00e9 a medida da nossa grandeza.<\/p>\n\n\n\n<p class=\"has-text-align-right\"><strong>Marco Caldas, OCD<\/strong><\/p>\n","protected":false},"excerpt":{"rendered":"<p>Aquilo que n\u00f3s somos no profundo de n\u00f3s mesmos determina aquilo que passamos a vida a fazer. Mas todo o esfor\u00e7o do mundo nos garante<\/p>\n","protected":false},"author":1,"featured_media":1218,"comment_status":"open","ping_status":"open","sticky":false,"template":"","format":"standard","meta":{"footnotes":""},"categories":[1],"tags":[],"class_list":["post-1216","post","type-post","status-publish","format-standard","has-post-thumbnail","hentry","category-informacoes"],"_links":{"self":[{"href":"https:\/\/viana.carmelitas.pt\/index.php?rest_route=\/wp\/v2\/posts\/1216","targetHints":{"allow":["GET"]}}],"collection":[{"href":"https:\/\/viana.carmelitas.pt\/index.php?rest_route=\/wp\/v2\/posts"}],"about":[{"href":"https:\/\/viana.carmelitas.pt\/index.php?rest_route=\/wp\/v2\/types\/post"}],"author":[{"embeddable":true,"href":"https:\/\/viana.carmelitas.pt\/index.php?rest_route=\/wp\/v2\/users\/1"}],"replies":[{"embeddable":true,"href":"https:\/\/viana.carmelitas.pt\/index.php?rest_route=%2Fwp%2Fv2%2Fcomments&post=1216"}],"version-history":[{"count":3,"href":"https:\/\/viana.carmelitas.pt\/index.php?rest_route=\/wp\/v2\/posts\/1216\/revisions"}],"predecessor-version":[{"id":1221,"href":"https:\/\/viana.carmelitas.pt\/index.php?rest_route=\/wp\/v2\/posts\/1216\/revisions\/1221"}],"wp:featuredmedia":[{"embeddable":true,"href":"https:\/\/viana.carmelitas.pt\/index.php?rest_route=\/wp\/v2\/media\/1218"}],"wp:attachment":[{"href":"https:\/\/viana.carmelitas.pt\/index.php?rest_route=%2Fwp%2Fv2%2Fmedia&parent=1216"}],"wp:term":[{"taxonomy":"category","embeddable":true,"href":"https:\/\/viana.carmelitas.pt\/index.php?rest_route=%2Fwp%2Fv2%2Fcategories&post=1216"},{"taxonomy":"post_tag","embeddable":true,"href":"https:\/\/viana.carmelitas.pt\/index.php?rest_route=%2Fwp%2Fv2%2Ftags&post=1216"}],"curies":[{"name":"wp","href":"https:\/\/api.w.org\/{rel}","templated":true}]}}