{"id":1224,"date":"2024-06-12T08:59:11","date_gmt":"2024-06-12T08:59:11","guid":{"rendered":"https:\/\/viana.carmelitas.pt\/?p=1224"},"modified":"2024-06-12T09:03:10","modified_gmt":"2024-06-12T09:03:10","slug":"novena-e-festa-de-n-a-s-a-do-carmo","status":"publish","type":"post","link":"https:\/\/viana.carmelitas.pt\/?p=1224","title":{"rendered":"Novena e Festa de N.\u00aa S.\u00aa do Carmo"},"content":{"rendered":"\n<p><strong>Dia 7 | Domingo<\/strong><br><br><strong>08h00 <\/strong>Eucaristia Dominical<br><strong>10h00 <\/strong>Eucaristia Dominical<br><strong>11h30 <\/strong>Eucaristia Dominical<\/p>\n\n\n\n<p class=\"has-large-font-size\"><strong>17h30 Ter\u00e7o da Novena<\/strong><br><strong>18h00 Eucaristia Dominical com Prega\u00e7\u00e3o Mariana<\/strong><\/p>\n\n\n\n<p><strong>Dia 8 a 12 | Segunda a Sexta-feira<\/strong><\/p>\n\n\n\n<p><strong>08h00 <\/strong>Eucaristia<br><strong>08h30 <\/strong>Recita\u00e7\u00e3o do ter\u00e7o<br><strong>09h00 <\/strong>Eucaristia<\/p>\n\n\n\n<p class=\"has-large-font-size\"><strong>20h30<\/strong> <strong>Ter\u00e7o da Novena<\/strong><br><strong>21h00<\/strong> <strong>Eucaristia com Prega\u00e7\u00e3o Mariana<\/strong><\/p>\n\n\n\n<p><strong>Dia 13 | S\u00e1bado<\/strong><\/p>\n\n\n\n<p><strong>09h00 <\/strong>Eucaristia com ora\u00e7\u00e3o de Laudes<\/p>\n\n\n\n<p class=\"has-large-font-size\"><strong>17h30<\/strong> <strong>Ter\u00e7o da Novena<\/strong><br><strong>18h00 Eucaristia com Prega\u00e7\u00e3o Mariana<\/strong><\/p>\n\n\n\n<p><strong>Dia 14 | Domingo<\/strong><\/p>\n\n\n\n<p><strong>08h00 <\/strong>Eucaristia Dominical<br><strong>10h00 <\/strong>Eucaristia Dominical<br><strong>11h30 <\/strong>Eucaristia Dominical<\/p>\n\n\n\n<p class=\"has-large-font-size\"><strong>17h30 Ter\u00e7o da Novena<\/strong><br><strong>18h00 Eucaristia com Prega\u00e7\u00e3o Mariana<\/strong><\/p>\n\n\n\n<p><strong>Dia 15 | Segunda-feira<\/strong><\/p>\n\n\n\n<p><strong>08h00 <\/strong>Eucaristia<br><strong>08h30 <\/strong>Recita\u00e7\u00e3o do ter\u00e7o<br><strong>09h00 <\/strong>Eucaristia<\/p>\n\n\n\n<p class=\"has-large-font-size\"><strong>20h45<\/strong> <strong>Sauda\u00e7\u00e3o a Nossa Senhora do Carmo<\/strong><br><strong>21h00 Prociss\u00e3o das Velas<\/strong><\/p>\n\n\n\n<p><strong>Dia 16 |Ter\u00e7a-feira<\/strong><\/p>\n\n\n\n<p><strong>08h00 <\/strong>Eucaristia<br><strong>08h30 <\/strong>Ter\u00e7o da Novena<br><strong>09h00 <\/strong>Eucaristia<\/p>\n\n\n\n<p class=\"has-large-font-size\"><strong>21h00 Eucaristia Solene em Honra de Nossa Senhora do Carmo<\/strong><\/p>\n","protected":false},"excerpt":{"rendered":"<p>Dia 7 | Domingo 08h00 Eucaristia Dominical10h00 Eucaristia Dominical11h30 Eucaristia Dominical 17h30 Ter\u00e7o da Novena18h00 Eucaristia Dominical com Prega\u00e7\u00e3o Mariana Dia 8 a 12 |<\/p>\n","protected":false},"author":1,"featured_media":1225,"comment_status":"open","ping_status":"open","sticky":false,"template":"","format":"standard","meta":{"footnotes":""},"categories":[1],"tags":[],"class_list":["post-1224","post","type-post","status-publish","format-standard","has-post-thumbnail","hentry","category-informacoes"],"_links":{"self":[{"href":"https:\/\/viana.carmelitas.pt\/index.php?rest_route=\/wp\/v2\/posts\/1224","targetHints":{"allow":["GET"]}}],"collection":[{"href":"https:\/\/viana.carmelitas.pt\/index.php?rest_route=\/wp\/v2\/posts"}],"about":[{"href":"https:\/\/viana.carmelitas.pt\/index.php?rest_route=\/wp\/v2\/types\/post"}],"author":[{"embeddable":true,"href":"https:\/\/viana.carmelitas.pt\/index.php?rest_route=\/wp\/v2\/users\/1"}],"replies":[{"embeddable":true,"href":"https:\/\/viana.carmelitas.pt\/index.php?rest_route=%2Fwp%2Fv2%2Fcomments&post=1224"}],"version-history":[{"count":2,"href":"https:\/\/viana.carmelitas.pt\/index.php?rest_route=\/wp\/v2\/posts\/1224\/revisions"}],"predecessor-version":[{"id":1228,"href":"https:\/\/viana.carmelitas.pt\/index.php?rest_route=\/wp\/v2\/posts\/1224\/revisions\/1228"}],"wp:featuredmedia":[{"embeddable":true,"href":"https:\/\/viana.carmelitas.pt\/index.php?rest_route=\/wp\/v2\/media\/1225"}],"wp:attachment":[{"href":"https:\/\/viana.carmelitas.pt\/index.php?rest_route=%2Fwp%2Fv2%2Fmedia&parent=1224"}],"wp:term":[{"taxonomy":"category","embeddable":true,"href":"https:\/\/viana.carmelitas.pt\/index.php?rest_route=%2Fwp%2Fv2%2Fcategories&post=1224"},{"taxonomy":"post_tag","embeddable":true,"href":"https:\/\/viana.carmelitas.pt\/index.php?rest_route=%2Fwp%2Fv2%2Ftags&post=1224"}],"curies":[{"name":"wp","href":"https:\/\/api.w.org\/{rel}","templated":true}]}}