{"id":1389,"date":"2025-05-02T08:46:18","date_gmt":"2025-05-02T08:46:18","guid":{"rendered":"https:\/\/viana.carmelitas.pt\/?p=1389"},"modified":"2025-05-02T08:47:36","modified_gmt":"2025-05-02T08:47:36","slug":"jubileu-de-esperanca","status":"publish","type":"post","link":"https:\/\/viana.carmelitas.pt\/?p=1389","title":{"rendered":"JUBILEU. PENSAR A ESPERAN\u00c7A"},"content":{"rendered":"\n<h1 class=\"wp-block-heading has-medium-font-size\">CONFER\u00caNCIA | 17 de maio | Convento do Carmo<\/h1>\n\n\n\n<p class=\"has-medium-font-size\">JUBILEU. Pensar a esperan\u00e7a | 10h30-12h30<\/p>\n\n\n\n<p>Armindo dos Santos Vaz ocd<br><strong><em>Carmelita, Padre e Biblista<\/em><\/strong><\/p>\n\n\n\n<p>Professor Catedr\u00e1tico Convidado, da Faculdade de Teologia da Universidade Cat\u00f3lica Portuguesa, Centro de Lisboa. Eleito Acad\u00e9mico de M\u00e9rito da \u00abAcademia Portuguesa da Hist\u00f3ria\u00bb<\/p>\n","protected":false},"excerpt":{"rendered":"<p>CONFER\u00caNCIA | 17 de maio | Convento do Carmo JUBILEU. Pensar a esperan\u00e7a | 10h30-12h30 Armindo dos Santos Vaz ocdCarmelita, Padre e Biblista Professor Catedr\u00e1tico<\/p>\n","protected":false},"author":1,"featured_media":1388,"comment_status":"open","ping_status":"open","sticky":false,"template":"","format":"standard","meta":{"footnotes":""},"categories":[1],"tags":[],"class_list":["post-1389","post","type-post","status-publish","format-standard","has-post-thumbnail","hentry","category-informacoes"],"_links":{"self":[{"href":"https:\/\/viana.carmelitas.pt\/index.php?rest_route=\/wp\/v2\/posts\/1389","targetHints":{"allow":["GET"]}}],"collection":[{"href":"https:\/\/viana.carmelitas.pt\/index.php?rest_route=\/wp\/v2\/posts"}],"about":[{"href":"https:\/\/viana.carmelitas.pt\/index.php?rest_route=\/wp\/v2\/types\/post"}],"author":[{"embeddable":true,"href":"https:\/\/viana.carmelitas.pt\/index.php?rest_route=\/wp\/v2\/users\/1"}],"replies":[{"embeddable":true,"href":"https:\/\/viana.carmelitas.pt\/index.php?rest_route=%2Fwp%2Fv2%2Fcomments&post=1389"}],"version-history":[{"count":2,"href":"https:\/\/viana.carmelitas.pt\/index.php?rest_route=\/wp\/v2\/posts\/1389\/revisions"}],"predecessor-version":[{"id":1392,"href":"https:\/\/viana.carmelitas.pt\/index.php?rest_route=\/wp\/v2\/posts\/1389\/revisions\/1392"}],"wp:featuredmedia":[{"embeddable":true,"href":"https:\/\/viana.carmelitas.pt\/index.php?rest_route=\/wp\/v2\/media\/1388"}],"wp:attachment":[{"href":"https:\/\/viana.carmelitas.pt\/index.php?rest_route=%2Fwp%2Fv2%2Fmedia&parent=1389"}],"wp:term":[{"taxonomy":"category","embeddable":true,"href":"https:\/\/viana.carmelitas.pt\/index.php?rest_route=%2Fwp%2Fv2%2Fcategories&post=1389"},{"taxonomy":"post_tag","embeddable":true,"href":"https:\/\/viana.carmelitas.pt\/index.php?rest_route=%2Fwp%2Fv2%2Ftags&post=1389"}],"curies":[{"name":"wp","href":"https:\/\/api.w.org\/{rel}","templated":true}]}}