{"id":1394,"date":"2025-06-03T14:19:48","date_gmt":"2025-06-03T14:19:48","guid":{"rendered":"https:\/\/viana.carmelitas.pt\/?p=1394"},"modified":"2025-06-03T14:19:57","modified_gmt":"2025-06-03T14:19:57","slug":"concerto-com-vida","status":"publish","type":"post","link":"https:\/\/viana.carmelitas.pt\/?p=1394","title":{"rendered":"Concerto Com Vida"},"content":{"rendered":"\n<p>O ano de 2025 assinala uma data particularmente significativa para a cidade de Viana do Castelo e para a hist\u00f3ria religiosa e cultural da carmelitas descal\u00e7os em Portugal: celebram-se os 400 anos da entrada da primeira comunidade no Convento do Carmo, ocorrida a 8 de Maio de 1625.<br>O Convento do Carmo, testemunho vivo de quatro s\u00e9culos de espiritualidade, arte e vida comunit\u00e1ria, permanece como um marco incontorn\u00e1vel no patrim\u00f3nio hist\u00f3rico e arquitet\u00f3nico de Viana do Castelo. Esta efem\u00e9ride constitui n\u00e3o apenas um momento de celebra\u00e7\u00e3o, mas tamb\u00e9m uma oportunidade para refor\u00e7armos a import\u00e2ncia da preserva\u00e7\u00e3o da mem\u00f3ria hist\u00f3rica.<\/p>\n","protected":false},"excerpt":{"rendered":"<p>O ano de 2025 assinala uma data particularmente significativa para a cidade de Viana do Castelo e para a hist\u00f3ria religiosa e cultural da carmelitas<\/p>\n","protected":false},"author":1,"featured_media":1395,"comment_status":"open","ping_status":"open","sticky":false,"template":"","format":"standard","meta":{"footnotes":""},"categories":[1],"tags":[],"class_list":["post-1394","post","type-post","status-publish","format-standard","has-post-thumbnail","hentry","category-informacoes"],"_links":{"self":[{"href":"https:\/\/viana.carmelitas.pt\/index.php?rest_route=\/wp\/v2\/posts\/1394","targetHints":{"allow":["GET"]}}],"collection":[{"href":"https:\/\/viana.carmelitas.pt\/index.php?rest_route=\/wp\/v2\/posts"}],"about":[{"href":"https:\/\/viana.carmelitas.pt\/index.php?rest_route=\/wp\/v2\/types\/post"}],"author":[{"embeddable":true,"href":"https:\/\/viana.carmelitas.pt\/index.php?rest_route=\/wp\/v2\/users\/1"}],"replies":[{"embeddable":true,"href":"https:\/\/viana.carmelitas.pt\/index.php?rest_route=%2Fwp%2Fv2%2Fcomments&post=1394"}],"version-history":[{"count":1,"href":"https:\/\/viana.carmelitas.pt\/index.php?rest_route=\/wp\/v2\/posts\/1394\/revisions"}],"predecessor-version":[{"id":1396,"href":"https:\/\/viana.carmelitas.pt\/index.php?rest_route=\/wp\/v2\/posts\/1394\/revisions\/1396"}],"wp:featuredmedia":[{"embeddable":true,"href":"https:\/\/viana.carmelitas.pt\/index.php?rest_route=\/wp\/v2\/media\/1395"}],"wp:attachment":[{"href":"https:\/\/viana.carmelitas.pt\/index.php?rest_route=%2Fwp%2Fv2%2Fmedia&parent=1394"}],"wp:term":[{"taxonomy":"category","embeddable":true,"href":"https:\/\/viana.carmelitas.pt\/index.php?rest_route=%2Fwp%2Fv2%2Fcategories&post=1394"},{"taxonomy":"post_tag","embeddable":true,"href":"https:\/\/viana.carmelitas.pt\/index.php?rest_route=%2Fwp%2Fv2%2Ftags&post=1394"}],"curies":[{"name":"wp","href":"https:\/\/api.w.org\/{rel}","templated":true}]}}