{"id":1398,"date":"2025-07-07T15:50:13","date_gmt":"2025-07-07T15:50:13","guid":{"rendered":"https:\/\/viana.carmelitas.pt\/?p=1398"},"modified":"2025-07-07T15:51:06","modified_gmt":"2025-07-07T15:51:06","slug":"novena-e-festa-na-sa-do-carmo-2025","status":"publish","type":"post","link":"https:\/\/viana.carmelitas.pt\/?p=1398","title":{"rendered":"Novena e Festa N\u00aa S\u00aa do Carmo 2025"},"content":{"rendered":"\n<p>Neste ano 2025, a cidade de Viana do Castelo assinala uma data de profunda import\u00e2ncia hist\u00f3rica e espiritual: os 400 anos da chegada da primeira comunidade dos Carmelitas Descal\u00e7os ao Convento do Carmo, a 8 de maio de 1625.<\/p>\n\n\n\n<p>Quatro s\u00e9culos depois, o Convento do Carmo continua a ser um s\u00edmbolo vivo de f\u00e9, arte e vida comunit\u00e1ria. <\/p>\n\n\n\n<p>A novena e festa da nossa padroeira, celebradas neste contexto t\u00e3o especial, s\u00e3o muito mais do que uma tradi\u00e7\u00e3o: representam um momento privilegiado para fortalecer o nosso sentido de perten\u00e7a como comunidade crist\u00e3.<\/p>\n\n\n\n<p>Preservar a mem\u00f3ria hist\u00f3rica \u00e9 fundamental para manter viva a identidade de um povo. Ao valorizarmos o passado, compreendemos melhor quem somos e ganhamos clareza para viver o presente e para construir o futuro. Locais como o Convento do Carmo guardam em si as ra\u00edzes de gera\u00e7\u00f5es que nos antecederam, testemunhando a f\u00e9 que moldou a nossa identidade.<\/p>\n\n\n\n<p>Que esta celebra\u00e7\u00e3o nos una no reconhecimento do valor da nossa heran\u00e7a religiosa, e nos inspire a assumir um compromisso firme com a sua preserva\u00e7\u00e3o \u2013 para que continue a ser fonte de luz, sabedoria e esperan\u00e7a para as gera\u00e7\u00f5es futuras.<\/p>\n\n\n\n<p><\/p>\n","protected":false},"excerpt":{"rendered":"<p>Neste ano 2025, a cidade de Viana do Castelo assinala uma data de profunda import\u00e2ncia hist\u00f3rica e espiritual: os 400 anos da chegada da primeira<\/p>\n","protected":false},"author":1,"featured_media":1399,"comment_status":"open","ping_status":"open","sticky":false,"template":"","format":"standard","meta":{"footnotes":""},"categories":[1],"tags":[],"class_list":["post-1398","post","type-post","status-publish","format-standard","has-post-thumbnail","hentry","category-informacoes"],"_links":{"self":[{"href":"https:\/\/viana.carmelitas.pt\/index.php?rest_route=\/wp\/v2\/posts\/1398","targetHints":{"allow":["GET"]}}],"collection":[{"href":"https:\/\/viana.carmelitas.pt\/index.php?rest_route=\/wp\/v2\/posts"}],"about":[{"href":"https:\/\/viana.carmelitas.pt\/index.php?rest_route=\/wp\/v2\/types\/post"}],"author":[{"embeddable":true,"href":"https:\/\/viana.carmelitas.pt\/index.php?rest_route=\/wp\/v2\/users\/1"}],"replies":[{"embeddable":true,"href":"https:\/\/viana.carmelitas.pt\/index.php?rest_route=%2Fwp%2Fv2%2Fcomments&post=1398"}],"version-history":[{"count":2,"href":"https:\/\/viana.carmelitas.pt\/index.php?rest_route=\/wp\/v2\/posts\/1398\/revisions"}],"predecessor-version":[{"id":1401,"href":"https:\/\/viana.carmelitas.pt\/index.php?rest_route=\/wp\/v2\/posts\/1398\/revisions\/1401"}],"wp:featuredmedia":[{"embeddable":true,"href":"https:\/\/viana.carmelitas.pt\/index.php?rest_route=\/wp\/v2\/media\/1399"}],"wp:attachment":[{"href":"https:\/\/viana.carmelitas.pt\/index.php?rest_route=%2Fwp%2Fv2%2Fmedia&parent=1398"}],"wp:term":[{"taxonomy":"category","embeddable":true,"href":"https:\/\/viana.carmelitas.pt\/index.php?rest_route=%2Fwp%2Fv2%2Fcategories&post=1398"},{"taxonomy":"post_tag","embeddable":true,"href":"https:\/\/viana.carmelitas.pt\/index.php?rest_route=%2Fwp%2Fv2%2Ftags&post=1398"}],"curies":[{"name":"wp","href":"https:\/\/api.w.org\/{rel}","templated":true}]}}