{"id":1453,"date":"2025-11-28T11:36:58","date_gmt":"2025-11-28T11:36:58","guid":{"rendered":"https:\/\/viana.carmelitas.pt\/?p=1453"},"modified":"2025-12-03T11:43:22","modified_gmt":"2025-12-03T11:43:22","slug":"albergue-sao-joao-da-cruz-dos-caminhos-celebra-15-anos","status":"publish","type":"post","link":"https:\/\/viana.carmelitas.pt\/?p=1453","title":{"rendered":"Albergue S. Jo\u00e3o da Cruz | 15 anos"},"content":{"rendered":"\n<p>O Albergue S\u00e3o Jo\u00e3o da Cruz dos Caminhos, no Convento do Carmo em Viana do Castelo, comemora no pr\u00f3ximo 13 de dezembro os seus 15 anos de acolhimento a peregrinos dos Caminhos de Santiago e de F\u00e1tima.<\/p>\n\n\n\n<p>Para assinalar a data, os Carmelitas Descal\u00e7os promovem a Jornada do Peregrino, encontro de partilha de experi\u00eancias que culminar\u00e1 com um almo\u00e7o de confraterniza\u00e7\u00e3o. O valor das reservas (13\u20ac) reverter\u00e1 em apoio \u00e0 Institui\u00e7\u00e3o de Solidariedade Social OZANAM \u2013 Viana do Castelo, dedicada ao acompanhamento de crian\u00e7as nos estudos.<\/p>\n\n\n\n<p>Reservas e informa\u00e7\u00f5es: Tel. 258 822 264 | E-mail: albergue@carmelitas.pt<\/p>\n","protected":false},"excerpt":{"rendered":"<p>O Albergue S\u00e3o Jo\u00e3o da Cruz dos Caminhos, no Convento do Carmo em Viana do Castelo, comemora no pr\u00f3ximo 13 de dezembro os seus 15<\/p>\n","protected":false},"author":1,"featured_media":1462,"comment_status":"open","ping_status":"open","sticky":false,"template":"","format":"standard","meta":{"footnotes":""},"categories":[1],"tags":[],"class_list":["post-1453","post","type-post","status-publish","format-standard","has-post-thumbnail","hentry","category-informacoes"],"_links":{"self":[{"href":"https:\/\/viana.carmelitas.pt\/index.php?rest_route=\/wp\/v2\/posts\/1453","targetHints":{"allow":["GET"]}}],"collection":[{"href":"https:\/\/viana.carmelitas.pt\/index.php?rest_route=\/wp\/v2\/posts"}],"about":[{"href":"https:\/\/viana.carmelitas.pt\/index.php?rest_route=\/wp\/v2\/types\/post"}],"author":[{"embeddable":true,"href":"https:\/\/viana.carmelitas.pt\/index.php?rest_route=\/wp\/v2\/users\/1"}],"replies":[{"embeddable":true,"href":"https:\/\/viana.carmelitas.pt\/index.php?rest_route=%2Fwp%2Fv2%2Fcomments&post=1453"}],"version-history":[{"count":9,"href":"https:\/\/viana.carmelitas.pt\/index.php?rest_route=\/wp\/v2\/posts\/1453\/revisions"}],"predecessor-version":[{"id":1465,"href":"https:\/\/viana.carmelitas.pt\/index.php?rest_route=\/wp\/v2\/posts\/1453\/revisions\/1465"}],"wp:featuredmedia":[{"embeddable":true,"href":"https:\/\/viana.carmelitas.pt\/index.php?rest_route=\/wp\/v2\/media\/1462"}],"wp:attachment":[{"href":"https:\/\/viana.carmelitas.pt\/index.php?rest_route=%2Fwp%2Fv2%2Fmedia&parent=1453"}],"wp:term":[{"taxonomy":"category","embeddable":true,"href":"https:\/\/viana.carmelitas.pt\/index.php?rest_route=%2Fwp%2Fv2%2Fcategories&post=1453"},{"taxonomy":"post_tag","embeddable":true,"href":"https:\/\/viana.carmelitas.pt\/index.php?rest_route=%2Fwp%2Fv2%2Ftags&post=1453"}],"curies":[{"name":"wp","href":"https:\/\/api.w.org\/{rel}","templated":true}]}}