{"id":1467,"date":"2025-12-17T15:41:20","date_gmt":"2025-12-17T15:41:20","guid":{"rendered":"https:\/\/viana.carmelitas.pt\/?p=1467"},"modified":"2025-12-17T15:41:20","modified_gmt":"2025-12-17T15:41:20","slug":"cantata-de-natal-enche-igreja-do-carmo","status":"publish","type":"post","link":"https:\/\/viana.carmelitas.pt\/?p=1467","title":{"rendered":"Cantata de Natal enche Igreja do Carmo"},"content":{"rendered":"\n<p>Fiel ao esp\u00edrito de abertura e acolhimento que caracteriza a comunidade carmelita, realizou\u2011se no dia <strong>16 de dezembro de 2025<\/strong>, pelas <strong>10h00<\/strong>, a tradicional <strong>Cantata de Natal da Escola do Carmo<\/strong>, na Igreja do Carmo, em Viana do Castelo.<\/p>\n\n\n\n<p>A sess\u00e3o de abertura contou com a presen\u00e7a da <strong>diretora do Agrupamento de Escolas de Santa Maria Maior<\/strong>, professora <strong>S\u00edlvia Vidinha<\/strong>, do <strong>coordenador da Escola do Carmo<\/strong>, professor <strong>Carlos Lima<\/strong>, bem como da <strong>comunidade dos frades carmelitas<\/strong> do Convento do Carmo. Pais, av\u00f3s, padrinhos e professores marcaram presen\u00e7a em grande n\u00famero, enchendo por completo a igreja para assistir e ouvir as crian\u00e7as interpretar m\u00fasicas de Natal. O ambiente foi de alegria, uni\u00e3o e fraternidade, refletindo o verdadeiro esp\u00edrito desta \u00e9poca festiva.<\/p>\n","protected":false},"excerpt":{"rendered":"<p>Fiel ao esp\u00edrito de abertura e acolhimento que caracteriza a comunidade carmelita, realizou\u2011se no dia 16 de dezembro de 2025, pelas 10h00, a tradicional Cantata<\/p>\n","protected":false},"author":1,"featured_media":1468,"comment_status":"open","ping_status":"open","sticky":false,"template":"","format":"standard","meta":{"footnotes":""},"categories":[1],"tags":[],"class_list":["post-1467","post","type-post","status-publish","format-standard","has-post-thumbnail","hentry","category-informacoes"],"_links":{"self":[{"href":"https:\/\/viana.carmelitas.pt\/index.php?rest_route=\/wp\/v2\/posts\/1467","targetHints":{"allow":["GET"]}}],"collection":[{"href":"https:\/\/viana.carmelitas.pt\/index.php?rest_route=\/wp\/v2\/posts"}],"about":[{"href":"https:\/\/viana.carmelitas.pt\/index.php?rest_route=\/wp\/v2\/types\/post"}],"author":[{"embeddable":true,"href":"https:\/\/viana.carmelitas.pt\/index.php?rest_route=\/wp\/v2\/users\/1"}],"replies":[{"embeddable":true,"href":"https:\/\/viana.carmelitas.pt\/index.php?rest_route=%2Fwp%2Fv2%2Fcomments&post=1467"}],"version-history":[{"count":1,"href":"https:\/\/viana.carmelitas.pt\/index.php?rest_route=\/wp\/v2\/posts\/1467\/revisions"}],"predecessor-version":[{"id":1469,"href":"https:\/\/viana.carmelitas.pt\/index.php?rest_route=\/wp\/v2\/posts\/1467\/revisions\/1469"}],"wp:featuredmedia":[{"embeddable":true,"href":"https:\/\/viana.carmelitas.pt\/index.php?rest_route=\/wp\/v2\/media\/1468"}],"wp:attachment":[{"href":"https:\/\/viana.carmelitas.pt\/index.php?rest_route=%2Fwp%2Fv2%2Fmedia&parent=1467"}],"wp:term":[{"taxonomy":"category","embeddable":true,"href":"https:\/\/viana.carmelitas.pt\/index.php?rest_route=%2Fwp%2Fv2%2Fcategories&post=1467"},{"taxonomy":"post_tag","embeddable":true,"href":"https:\/\/viana.carmelitas.pt\/index.php?rest_route=%2Fwp%2Fv2%2Ftags&post=1467"}],"curies":[{"name":"wp","href":"https:\/\/api.w.org\/{rel}","templated":true}]}}