{"id":1470,"date":"2025-12-23T18:31:21","date_gmt":"2025-12-23T18:31:21","guid":{"rendered":"https:\/\/viana.carmelitas.pt\/?p=1470"},"modified":"2025-12-23T19:03:43","modified_gmt":"2025-12-23T19:03:43","slug":"junta%e2%80%91te-a-nos-para-celebrar-o-natal","status":"publish","type":"post","link":"https:\/\/viana.carmelitas.pt\/?p=1470","title":{"rendered":"Junta\u2011te a n\u00f3s para celebrar o Natal!"},"content":{"rendered":"\n<p>As celebra\u00e7\u00f5es natal\u00edcias est\u00e3o a chegar e queremos muito contar contigo. Ser\u00e1 um momento especial, cheio de alegria, partilha e esp\u00edrito natal\u00edcio. A tua presen\u00e7a far\u00e1 toda a diferen\u00e7a \u2014 vem viver esta \u00e9poca connosco!<\/p>\n\n\n\n<p><\/p>\n","protected":false},"excerpt":{"rendered":"<p>As celebra\u00e7\u00f5es natal\u00edcias est\u00e3o a chegar e queremos muito contar contigo. Ser\u00e1 um momento especial, cheio de alegria, partilha e esp\u00edrito natal\u00edcio. A tua presen\u00e7a<\/p>\n","protected":false},"author":1,"featured_media":1480,"comment_status":"open","ping_status":"open","sticky":false,"template":"","format":"standard","meta":{"footnotes":""},"categories":[1],"tags":[],"class_list":["post-1470","post","type-post","status-publish","format-standard","has-post-thumbnail","hentry","category-informacoes"],"_links":{"self":[{"href":"https:\/\/viana.carmelitas.pt\/index.php?rest_route=\/wp\/v2\/posts\/1470","targetHints":{"allow":["GET"]}}],"collection":[{"href":"https:\/\/viana.carmelitas.pt\/index.php?rest_route=\/wp\/v2\/posts"}],"about":[{"href":"https:\/\/viana.carmelitas.pt\/index.php?rest_route=\/wp\/v2\/types\/post"}],"author":[{"embeddable":true,"href":"https:\/\/viana.carmelitas.pt\/index.php?rest_route=\/wp\/v2\/users\/1"}],"replies":[{"embeddable":true,"href":"https:\/\/viana.carmelitas.pt\/index.php?rest_route=%2Fwp%2Fv2%2Fcomments&post=1470"}],"version-history":[{"count":2,"href":"https:\/\/viana.carmelitas.pt\/index.php?rest_route=\/wp\/v2\/posts\/1470\/revisions"}],"predecessor-version":[{"id":1476,"href":"https:\/\/viana.carmelitas.pt\/index.php?rest_route=\/wp\/v2\/posts\/1470\/revisions\/1476"}],"wp:featuredmedia":[{"embeddable":true,"href":"https:\/\/viana.carmelitas.pt\/index.php?rest_route=\/wp\/v2\/media\/1480"}],"wp:attachment":[{"href":"https:\/\/viana.carmelitas.pt\/index.php?rest_route=%2Fwp%2Fv2%2Fmedia&parent=1470"}],"wp:term":[{"taxonomy":"category","embeddable":true,"href":"https:\/\/viana.carmelitas.pt\/index.php?rest_route=%2Fwp%2Fv2%2Fcategories&post=1470"},{"taxonomy":"post_tag","embeddable":true,"href":"https:\/\/viana.carmelitas.pt\/index.php?rest_route=%2Fwp%2Fv2%2Ftags&post=1470"}],"curies":[{"name":"wp","href":"https:\/\/api.w.org\/{rel}","templated":true}]}}