{"id":1482,"date":"2025-12-31T10:35:26","date_gmt":"2025-12-31T10:35:26","guid":{"rendered":"https:\/\/viana.carmelitas.pt\/?p=1482"},"modified":"2025-12-31T10:36:37","modified_gmt":"2025-12-31T10:36:37","slug":"ii-espiritualidade-com-os-pes-na-rua","status":"publish","type":"post","link":"https:\/\/viana.carmelitas.pt\/?p=1482","title":{"rendered":"II Espiritualidade com os p\u00e9s na rua"},"content":{"rendered":"\n<p><em>Onde a f\u00e9 encontra a vida real.<\/em><\/p>\n\n\n\n<p>A <a><\/a>vida espiritual n\u00e3o \u00e9 algo distante ou reservado a momentos perfeitos. \u00c9 um espa\u00e7o onde convivem o sil\u00eancio e o barulho, a profundidade e o riso, a busca interior e o caos do dia a dia. \u00c9 t\u00e3o concreta como montar uma estante, arrumar a casa ou tentar perceber o que fazer no meio da confus\u00e3o. \u00c9 a\u00ed, no real da vida, que ela acontece.<\/p>\n\n\n\n<p><strong><em>Vive onde tu respiras.<br>Traz a tua f\u00e9 para o mundo real.<br>Traz os p\u00e9s para a rua.<\/em><\/strong><\/p>\n\n\n\n<p><strong>ANO JUBILAR DE S\u00c3O JO\u00c3O DA CRUZ<\/strong><br><a href=\"https:\/\/www.facebook.com\/hashtag\/espiritualidadep%C3%A9snarua?__eep__=6&amp;__cft__[0]=AZa7IwtO-L1-w7_KA3bCTJRXTj9PVGtOx4AlSxwXt8Q9aG53UKsQhaI48wEwBaq3EaGPQF7vS8iEfsbdgR1yB3UK4GOfPwBOOiOhJF_RQl22J8imbJG5oW_bAiJaDci0Q9jT3Wd7LC5z7nVwWVW3uue9tdzOLuqRftTtRQqVUWFwrLHafhVchFtbba9MF_itjZo&amp;__tn__=*NK-R\">#espiritualidadep\u00e9snarua<\/a><br><a href=\"https:\/\/www.facebook.com\/hashtag\/anojubilarsjc?__eep__=6&amp;__cft__[0]=AZa7IwtO-L1-w7_KA3bCTJRXTj9PVGtOx4AlSxwXt8Q9aG53UKsQhaI48wEwBaq3EaGPQF7vS8iEfsbdgR1yB3UK4GOfPwBOOiOhJF_RQl22J8imbJG5oW_bAiJaDci0Q9jT3Wd7LC5z7nVwWVW3uue9tdzOLuqRftTtRQqVUWFwrLHafhVchFtbba9MF_itjZo&amp;__tn__=*NK-R\">#anojubilarsjc<\/a><br><a href=\"https:\/\/www.facebook.com\/hashtag\/sa%CC%83ojoa%CC%83odacruz?__eep__=6&amp;__cft__[0]=AZa7IwtO-L1-w7_KA3bCTJRXTj9PVGtOx4AlSxwXt8Q9aG53UKsQhaI48wEwBaq3EaGPQF7vS8iEfsbdgR1yB3UK4GOfPwBOOiOhJF_RQl22J8imbJG5oW_bAiJaDci0Q9jT3Wd7LC5z7nVwWVW3uue9tdzOLuqRftTtRQqVUWFwrLHafhVchFtbba9MF_itjZo&amp;__tn__=*NK-R\">#s\u00e3ojo\u00e3odacruz<\/a><br><a href=\"https:\/\/www.facebook.com\/hashtag\/carmelitasdescal%C3%A7os?__eep__=6&amp;__cft__[0]=AZa7IwtO-L1-w7_KA3bCTJRXTj9PVGtOx4AlSxwXt8Q9aG53UKsQhaI48wEwBaq3EaGPQF7vS8iEfsbdgR1yB3UK4GOfPwBOOiOhJF_RQl22J8imbJG5oW_bAiJaDci0Q9jT3Wd7LC5z7nVwWVW3uue9tdzOLuqRftTtRQqVUWFwrLHafhVchFtbba9MF_itjZo&amp;__tn__=*NK-R\">#carmelitasdescal\u00e7os<\/a><\/p>\n","protected":false},"excerpt":{"rendered":"<p>Onde a f\u00e9 encontra a vida real. A vida espiritual n\u00e3o \u00e9 algo distante ou reservado a momentos perfeitos. \u00c9 um espa\u00e7o onde convivem o<\/p>\n","protected":false},"author":1,"featured_media":1483,"comment_status":"open","ping_status":"open","sticky":false,"template":"","format":"standard","meta":{"footnotes":""},"categories":[1],"tags":[],"class_list":["post-1482","post","type-post","status-publish","format-standard","has-post-thumbnail","hentry","category-informacoes"],"_links":{"self":[{"href":"https:\/\/viana.carmelitas.pt\/index.php?rest_route=\/wp\/v2\/posts\/1482","targetHints":{"allow":["GET"]}}],"collection":[{"href":"https:\/\/viana.carmelitas.pt\/index.php?rest_route=\/wp\/v2\/posts"}],"about":[{"href":"https:\/\/viana.carmelitas.pt\/index.php?rest_route=\/wp\/v2\/types\/post"}],"author":[{"embeddable":true,"href":"https:\/\/viana.carmelitas.pt\/index.php?rest_route=\/wp\/v2\/users\/1"}],"replies":[{"embeddable":true,"href":"https:\/\/viana.carmelitas.pt\/index.php?rest_route=%2Fwp%2Fv2%2Fcomments&post=1482"}],"version-history":[{"count":2,"href":"https:\/\/viana.carmelitas.pt\/index.php?rest_route=\/wp\/v2\/posts\/1482\/revisions"}],"predecessor-version":[{"id":1485,"href":"https:\/\/viana.carmelitas.pt\/index.php?rest_route=\/wp\/v2\/posts\/1482\/revisions\/1485"}],"wp:featuredmedia":[{"embeddable":true,"href":"https:\/\/viana.carmelitas.pt\/index.php?rest_route=\/wp\/v2\/media\/1483"}],"wp:attachment":[{"href":"https:\/\/viana.carmelitas.pt\/index.php?rest_route=%2Fwp%2Fv2%2Fmedia&parent=1482"}],"wp:term":[{"taxonomy":"category","embeddable":true,"href":"https:\/\/viana.carmelitas.pt\/index.php?rest_route=%2Fwp%2Fv2%2Fcategories&post=1482"},{"taxonomy":"post_tag","embeddable":true,"href":"https:\/\/viana.carmelitas.pt\/index.php?rest_route=%2Fwp%2Fv2%2Ftags&post=1482"}],"curies":[{"name":"wp","href":"https:\/\/api.w.org\/{rel}","templated":true}]}}