{"id":1486,"date":"2025-12-31T11:31:35","date_gmt":"2025-12-31T11:31:35","guid":{"rendered":"https:\/\/viana.carmelitas.pt\/?p=1486"},"modified":"2025-12-31T11:31:35","modified_gmt":"2025-12-31T11:31:35","slug":"ano-novo-2026","status":"publish","type":"post","link":"https:\/\/viana.carmelitas.pt\/?p=1486","title":{"rendered":"Ano Novo 2026"},"content":{"rendered":"\n<p><strong>ANO NOVO 2026<\/strong> <br>&#x1f5d3;&#xfe0f; <strong>1 de Janeiro<\/strong> | &#x1f30d; <strong>Dia Mundial da Paz<\/strong><br><strong>Missas<\/strong>: 10h00 | 11h30 | 18h00<\/p>\n\n\n\n<p>Come\u00e7amos o novo ano com f\u00e9, esperan\u00e7a e o desejo profundo de paz para o mundo.<br>Vem celebrar connosco este tempo de renova\u00e7\u00e3o e luz!<br> Rezemos juntos pela paz. Demos gra\u00e7as a Deus pelo novo ano que come\u00e7a.<br> Que 2026 seja um tempo de luz, serenidade e fraternidade para todos.<\/p>\n","protected":false},"excerpt":{"rendered":"<p>ANO NOVO 2026 &#x1f5d3;&#xfe0f; 1 de Janeiro | &#x1f30d; Dia Mundial da PazMissas: 10h00 | 11h30 | 18h00 Come\u00e7amos o novo ano com f\u00e9, esperan\u00e7a<\/p>\n","protected":false},"author":1,"featured_media":1487,"comment_status":"open","ping_status":"open","sticky":false,"template":"","format":"standard","meta":{"footnotes":""},"categories":[1],"tags":[],"class_list":["post-1486","post","type-post","status-publish","format-standard","has-post-thumbnail","hentry","category-informacoes"],"_links":{"self":[{"href":"https:\/\/viana.carmelitas.pt\/index.php?rest_route=\/wp\/v2\/posts\/1486","targetHints":{"allow":["GET"]}}],"collection":[{"href":"https:\/\/viana.carmelitas.pt\/index.php?rest_route=\/wp\/v2\/posts"}],"about":[{"href":"https:\/\/viana.carmelitas.pt\/index.php?rest_route=\/wp\/v2\/types\/post"}],"author":[{"embeddable":true,"href":"https:\/\/viana.carmelitas.pt\/index.php?rest_route=\/wp\/v2\/users\/1"}],"replies":[{"embeddable":true,"href":"https:\/\/viana.carmelitas.pt\/index.php?rest_route=%2Fwp%2Fv2%2Fcomments&post=1486"}],"version-history":[{"count":1,"href":"https:\/\/viana.carmelitas.pt\/index.php?rest_route=\/wp\/v2\/posts\/1486\/revisions"}],"predecessor-version":[{"id":1488,"href":"https:\/\/viana.carmelitas.pt\/index.php?rest_route=\/wp\/v2\/posts\/1486\/revisions\/1488"}],"wp:featuredmedia":[{"embeddable":true,"href":"https:\/\/viana.carmelitas.pt\/index.php?rest_route=\/wp\/v2\/media\/1487"}],"wp:attachment":[{"href":"https:\/\/viana.carmelitas.pt\/index.php?rest_route=%2Fwp%2Fv2%2Fmedia&parent=1486"}],"wp:term":[{"taxonomy":"category","embeddable":true,"href":"https:\/\/viana.carmelitas.pt\/index.php?rest_route=%2Fwp%2Fv2%2Fcategories&post=1486"},{"taxonomy":"post_tag","embeddable":true,"href":"https:\/\/viana.carmelitas.pt\/index.php?rest_route=%2Fwp%2Fv2%2Ftags&post=1486"}],"curies":[{"name":"wp","href":"https:\/\/api.w.org\/{rel}","templated":true}]}}