{"id":1490,"date":"2026-02-09T11:11:08","date_gmt":"2026-02-09T11:11:08","guid":{"rendered":"https:\/\/viana.carmelitas.pt\/?p=1490"},"modified":"2026-02-09T11:11:08","modified_gmt":"2026-02-09T11:11:08","slug":"dia-mundial-do-doente-uncao","status":"publish","type":"post","link":"https:\/\/viana.carmelitas.pt\/?p=1490","title":{"rendered":"Dia Mundial do Doente (Un\u00e7\u00e3o )"},"content":{"rendered":"\n<p>No dia 11 de fevereiro, assinala\u2011se o Dia Mundial do Doente. Na Igreja do Carmo, durante as Missas das 8h00 e das 9h00, ser\u00e1 administrado o Sacramento da Un\u00e7\u00e3o dos Doentes a todos aqueles que dele necessitem.<\/p>\n\n\n\n<p>Este momento pretende ser um sinal de proximidade, conforto e esperan\u00e7a para todos os que vivem a fragilidade da doen\u00e7a, bem como para as suas fam\u00edlias.<\/p>\n\n\n\n<p><a href=\"https:\/\/www.facebook.com\/hashtag\/diamundialdodoente?__cft__[0]=AZZ8oQ0umNE3X4TIRIj1cxjkbtYNwEADjnt3oJAyitdToQ7JLpGUH_jJX1tH2TlGNLewZNBNoWDi03QFDYMyWLGKt2zxdOkzp_POqdwwjv_bcfYlWlc2Fvuab_8IgIPV8DF7NL9q1XaftY1jncG5IzBeoU7mNatPS80SMUIjgTSUBO0N44sqD0pdLyN0Lu3xpFE&amp;__tn__=*NK-R\">#diamundialdodoente<\/a><br><a href=\"https:\/\/www.facebook.com\/hashtag\/un%C3%A7%C3%A3odosdoentes?__cft__[0]=AZZ8oQ0umNE3X4TIRIj1cxjkbtYNwEADjnt3oJAyitdToQ7JLpGUH_jJX1tH2TlGNLewZNBNoWDi03QFDYMyWLGKt2zxdOkzp_POqdwwjv_bcfYlWlc2Fvuab_8IgIPV8DF7NL9q1XaftY1jncG5IzBeoU7mNatPS80SMUIjgTSUBO0N44sqD0pdLyN0Lu3xpFE&amp;__tn__=*NK-R\">#un\u00e7\u00e3odosdoentes<\/a><br><a href=\"https:\/\/www.facebook.com\/hashtag\/igrejadocarmo?__cft__[0]=AZZ8oQ0umNE3X4TIRIj1cxjkbtYNwEADjnt3oJAyitdToQ7JLpGUH_jJX1tH2TlGNLewZNBNoWDi03QFDYMyWLGKt2zxdOkzp_POqdwwjv_bcfYlWlc2Fvuab_8IgIPV8DF7NL9q1XaftY1jncG5IzBeoU7mNatPS80SMUIjgTSUBO0N44sqD0pdLyN0Lu3xpFE&amp;__tn__=*NK-R\">#igrejadocarmo<\/a><br><a href=\"https:\/\/www.facebook.com\/hashtag\/carmelitasdescal%C3%A7os?__cft__[0]=AZZ8oQ0umNE3X4TIRIj1cxjkbtYNwEADjnt3oJAyitdToQ7JLpGUH_jJX1tH2TlGNLewZNBNoWDi03QFDYMyWLGKt2zxdOkzp_POqdwwjv_bcfYlWlc2Fvuab_8IgIPV8DF7NL9q1XaftY1jncG5IzBeoU7mNatPS80SMUIjgTSUBO0N44sqD0pdLyN0Lu3xpFE&amp;__tn__=*NK-R\">#carmelitasdescal\u00e7os<\/a><\/p>\n","protected":false},"excerpt":{"rendered":"<p>No dia 11 de fevereiro, assinala\u2011se o Dia Mundial do Doente. Na Igreja do Carmo, durante as Missas das 8h00 e das 9h00, ser\u00e1 administrado<\/p>\n","protected":false},"author":1,"featured_media":1492,"comment_status":"open","ping_status":"open","sticky":false,"template":"","format":"standard","meta":{"footnotes":""},"categories":[1],"tags":[],"class_list":["post-1490","post","type-post","status-publish","format-standard","has-post-thumbnail","hentry","category-informacoes"],"_links":{"self":[{"href":"https:\/\/viana.carmelitas.pt\/index.php?rest_route=\/wp\/v2\/posts\/1490","targetHints":{"allow":["GET"]}}],"collection":[{"href":"https:\/\/viana.carmelitas.pt\/index.php?rest_route=\/wp\/v2\/posts"}],"about":[{"href":"https:\/\/viana.carmelitas.pt\/index.php?rest_route=\/wp\/v2\/types\/post"}],"author":[{"embeddable":true,"href":"https:\/\/viana.carmelitas.pt\/index.php?rest_route=\/wp\/v2\/users\/1"}],"replies":[{"embeddable":true,"href":"https:\/\/viana.carmelitas.pt\/index.php?rest_route=%2Fwp%2Fv2%2Fcomments&post=1490"}],"version-history":[{"count":1,"href":"https:\/\/viana.carmelitas.pt\/index.php?rest_route=\/wp\/v2\/posts\/1490\/revisions"}],"predecessor-version":[{"id":1493,"href":"https:\/\/viana.carmelitas.pt\/index.php?rest_route=\/wp\/v2\/posts\/1490\/revisions\/1493"}],"wp:featuredmedia":[{"embeddable":true,"href":"https:\/\/viana.carmelitas.pt\/index.php?rest_route=\/wp\/v2\/media\/1492"}],"wp:attachment":[{"href":"https:\/\/viana.carmelitas.pt\/index.php?rest_route=%2Fwp%2Fv2%2Fmedia&parent=1490"}],"wp:term":[{"taxonomy":"category","embeddable":true,"href":"https:\/\/viana.carmelitas.pt\/index.php?rest_route=%2Fwp%2Fv2%2Fcategories&post=1490"},{"taxonomy":"post_tag","embeddable":true,"href":"https:\/\/viana.carmelitas.pt\/index.php?rest_route=%2Fwp%2Fv2%2Ftags&post=1490"}],"curies":[{"name":"wp","href":"https:\/\/api.w.org\/{rel}","templated":true}]}}