{"id":1494,"date":"2026-02-09T11:12:59","date_gmt":"2026-02-09T11:12:59","guid":{"rendered":"https:\/\/viana.carmelitas.pt\/?p=1494"},"modified":"2026-02-09T11:12:59","modified_gmt":"2026-02-09T11:12:59","slug":"jornada-de-retiro-quaresma-2","status":"publish","type":"post","link":"https:\/\/viana.carmelitas.pt\/?p=1494","title":{"rendered":"Jornada de retiro Quaresma"},"content":{"rendered":"\n<p>No dia 14 de fevereiro realiza\u2011se a Jornada \u2013 Retiro de Quaresma, sob o tema \u201cQuaresma, caminho de liberta\u00e7\u00e3o\u201d. A manh\u00e3 decorre das 9h00 \u00e0s 12h30, com Eucaristia, reflex\u00e3o e adora\u00e7\u00e3o, oferecendo um tempo de sil\u00eancio, encontro e prepara\u00e7\u00e3o espiritual para iniciar a Quaresma com profundidade.<\/p>\n\n\n\n<p>A participa\u00e7\u00e3o \u00e9 aberta a todos os que desejam viver este tempo lit\u00fargico de forma mais consciente e renovadora.<\/p>\n\n\n\n<p><a href=\"https:\/\/www.facebook.com\/hashtag\/quaresma?__cft__[0]=AZYh7QhmD7yc1M0I2C6AN4AOUviaCq9EVorSbTkmgq1Dt0CxmMr4OznyM2NaJA_aS7ECgey3zgVi6EMqoeQ5PYKjybdJt_vR5JGMwAgwkcMyqJPxxBnV1W72Yi6VaMINATbeD1C77JtRa1hrriX6xHcbvbTdXmgwWhwy1WM3HuitKCP_WaCZv6hUeZ1_aboS5gI&amp;__tn__=*NK-R\">#Quaresma<\/a><br><a href=\"https:\/\/www.facebook.com\/hashtag\/retirodequaresma?__cft__[0]=AZYh7QhmD7yc1M0I2C6AN4AOUviaCq9EVorSbTkmgq1Dt0CxmMr4OznyM2NaJA_aS7ECgey3zgVi6EMqoeQ5PYKjybdJt_vR5JGMwAgwkcMyqJPxxBnV1W72Yi6VaMINATbeD1C77JtRa1hrriX6xHcbvbTdXmgwWhwy1WM3HuitKCP_WaCZv6hUeZ1_aboS5gI&amp;__tn__=*NK-R\">#retirodequaresma<\/a><br><a href=\"https:\/\/www.facebook.com\/hashtag\/conventodocarmo?__cft__[0]=AZYh7QhmD7yc1M0I2C6AN4AOUviaCq9EVorSbTkmgq1Dt0CxmMr4OznyM2NaJA_aS7ECgey3zgVi6EMqoeQ5PYKjybdJt_vR5JGMwAgwkcMyqJPxxBnV1W72Yi6VaMINATbeD1C77JtRa1hrriX6xHcbvbTdXmgwWhwy1WM3HuitKCP_WaCZv6hUeZ1_aboS5gI&amp;__tn__=*NK-R\">#conventodocarmo<\/a><br><a href=\"https:\/\/www.facebook.com\/hashtag\/carmelitasdescal%C3%A7os?__cft__[0]=AZYh7QhmD7yc1M0I2C6AN4AOUviaCq9EVorSbTkmgq1Dt0CxmMr4OznyM2NaJA_aS7ECgey3zgVi6EMqoeQ5PYKjybdJt_vR5JGMwAgwkcMyqJPxxBnV1W72Yi6VaMINATbeD1C77JtRa1hrriX6xHcbvbTdXmgwWhwy1WM3HuitKCP_WaCZv6hUeZ1_aboS5gI&amp;__tn__=*NK-R\">#carmelitasdescal\u00e7os<\/a><\/p>\n","protected":false},"excerpt":{"rendered":"<p>No dia 14 de fevereiro realiza\u2011se a Jornada \u2013 Retiro de Quaresma, sob o tema \u201cQuaresma, caminho de liberta\u00e7\u00e3o\u201d. A manh\u00e3 decorre das 9h00 \u00e0s<\/p>\n","protected":false},"author":1,"featured_media":1495,"comment_status":"open","ping_status":"open","sticky":false,"template":"","format":"standard","meta":{"footnotes":""},"categories":[1],"tags":[],"class_list":["post-1494","post","type-post","status-publish","format-standard","has-post-thumbnail","hentry","category-informacoes"],"_links":{"self":[{"href":"https:\/\/viana.carmelitas.pt\/index.php?rest_route=\/wp\/v2\/posts\/1494","targetHints":{"allow":["GET"]}}],"collection":[{"href":"https:\/\/viana.carmelitas.pt\/index.php?rest_route=\/wp\/v2\/posts"}],"about":[{"href":"https:\/\/viana.carmelitas.pt\/index.php?rest_route=\/wp\/v2\/types\/post"}],"author":[{"embeddable":true,"href":"https:\/\/viana.carmelitas.pt\/index.php?rest_route=\/wp\/v2\/users\/1"}],"replies":[{"embeddable":true,"href":"https:\/\/viana.carmelitas.pt\/index.php?rest_route=%2Fwp%2Fv2%2Fcomments&post=1494"}],"version-history":[{"count":1,"href":"https:\/\/viana.carmelitas.pt\/index.php?rest_route=\/wp\/v2\/posts\/1494\/revisions"}],"predecessor-version":[{"id":1496,"href":"https:\/\/viana.carmelitas.pt\/index.php?rest_route=\/wp\/v2\/posts\/1494\/revisions\/1496"}],"wp:featuredmedia":[{"embeddable":true,"href":"https:\/\/viana.carmelitas.pt\/index.php?rest_route=\/wp\/v2\/media\/1495"}],"wp:attachment":[{"href":"https:\/\/viana.carmelitas.pt\/index.php?rest_route=%2Fwp%2Fv2%2Fmedia&parent=1494"}],"wp:term":[{"taxonomy":"category","embeddable":true,"href":"https:\/\/viana.carmelitas.pt\/index.php?rest_route=%2Fwp%2Fv2%2Fcategories&post=1494"},{"taxonomy":"post_tag","embeddable":true,"href":"https:\/\/viana.carmelitas.pt\/index.php?rest_route=%2Fwp%2Fv2%2Ftags&post=1494"}],"curies":[{"name":"wp","href":"https:\/\/api.w.org\/{rel}","templated":true}]}}