{"id":1504,"date":"2026-03-10T11:39:07","date_gmt":"2026-03-10T11:39:07","guid":{"rendered":"https:\/\/viana.carmelitas.pt\/?p=1504"},"modified":"2026-03-20T14:25:20","modified_gmt":"2026-03-20T14:25:20","slug":"ecos-saojoanistas","status":"publish","type":"post","link":"https:\/\/viana.carmelitas.pt\/?p=1504","title":{"rendered":"Ecos S\u00e3ojoanistas"},"content":{"rendered":"\n<p>Uma manh\u00e3 para respirar fundo com o m\u00edstico S\u00e3o Jo\u00e3o da Cruz<\/p>\n\n\n\n<p>Os Ecos S\u00e3ojoanistas promovem uma manh\u00e3 de encontro espiritual intitulada \u201cRespirar S\u00e3o Jo\u00e3o da Cruz\u201d, orientada pelo Frei Andr\u00e9 Morais, ocd, entre as 9h00 e as 12h30, no dia 14 de mar\u00e7o, s\u00e1bado, no Convento do Carmo.<\/p>\n\n\n\n<p>Ser\u00e1 um tempo para parar, recentrar e deixar que a espiritualidade s\u00e3ojoanista ilumine o caminho interior. A manh\u00e3 inclui Eucaristia, um momento de reflex\u00e3o e um espa\u00e7o de partilha fraterna, pensados para ajudar cada participante a reencontrar o seu rumo, a sua interioridade, a sua paz e a sua profundidade.<\/p>\n\n\n\n<p>A iniciativa pretende renovar o olhar interior e fortalecer o caminho espiritual de todos os que desejam respirar mais fundo com S\u00e3o Jo\u00e3o da Cruz e deixar-se inspirar pela sua sabedoria, especialmente neste Ano Jubilar de S\u00e3o Jo\u00e3o da Cruz.<\/p>\n\n\n\n<p>Basta aparecer!<\/p>\n\n\n\n<p><\/p>\n","protected":false},"excerpt":{"rendered":"<p>Uma manh\u00e3 para respirar fundo com o m\u00edstico S\u00e3o Jo\u00e3o da Cruz Os Ecos S\u00e3ojoanistas promovem uma manh\u00e3 de encontro espiritual intitulada \u201cRespirar S\u00e3o Jo\u00e3o<\/p>\n","protected":false},"author":1,"featured_media":1505,"comment_status":"open","ping_status":"open","sticky":false,"template":"","format":"standard","meta":{"footnotes":""},"categories":[1],"tags":[],"class_list":["post-1504","post","type-post","status-publish","format-standard","has-post-thumbnail","hentry","category-informacoes"],"_links":{"self":[{"href":"https:\/\/viana.carmelitas.pt\/index.php?rest_route=\/wp\/v2\/posts\/1504","targetHints":{"allow":["GET"]}}],"collection":[{"href":"https:\/\/viana.carmelitas.pt\/index.php?rest_route=\/wp\/v2\/posts"}],"about":[{"href":"https:\/\/viana.carmelitas.pt\/index.php?rest_route=\/wp\/v2\/types\/post"}],"author":[{"embeddable":true,"href":"https:\/\/viana.carmelitas.pt\/index.php?rest_route=\/wp\/v2\/users\/1"}],"replies":[{"embeddable":true,"href":"https:\/\/viana.carmelitas.pt\/index.php?rest_route=%2Fwp%2Fv2%2Fcomments&post=1504"}],"version-history":[{"count":3,"href":"https:\/\/viana.carmelitas.pt\/index.php?rest_route=\/wp\/v2\/posts\/1504\/revisions"}],"predecessor-version":[{"id":1536,"href":"https:\/\/viana.carmelitas.pt\/index.php?rest_route=\/wp\/v2\/posts\/1504\/revisions\/1536"}],"wp:featuredmedia":[{"embeddable":true,"href":"https:\/\/viana.carmelitas.pt\/index.php?rest_route=\/wp\/v2\/media\/1505"}],"wp:attachment":[{"href":"https:\/\/viana.carmelitas.pt\/index.php?rest_route=%2Fwp%2Fv2%2Fmedia&parent=1504"}],"wp:term":[{"taxonomy":"category","embeddable":true,"href":"https:\/\/viana.carmelitas.pt\/index.php?rest_route=%2Fwp%2Fv2%2Fcategories&post=1504"},{"taxonomy":"post_tag","embeddable":true,"href":"https:\/\/viana.carmelitas.pt\/index.php?rest_route=%2Fwp%2Fv2%2Ftags&post=1504"}],"curies":[{"name":"wp","href":"https:\/\/api.w.org\/{rel}","templated":true}]}}