{"id":1532,"date":"2026-03-19T18:37:55","date_gmt":"2026-03-19T18:37:55","guid":{"rendered":"https:\/\/viana.carmelitas.pt\/?p=1532"},"modified":"2026-03-19T18:37:55","modified_gmt":"2026-03-19T18:37:55","slug":"semana-santa-2026","status":"publish","type":"post","link":"https:\/\/viana.carmelitas.pt\/?p=1532","title":{"rendered":"Semana Santa 2026"},"content":{"rendered":"\n<p>A Semana Santa \u00e9 um tempo de sil\u00eancio, entrega e renova\u00e7\u00e3o interior. <br>A Igreja do Carmo, em Viana do Castelo, dos Carmelitas Descal\u00e7os convida-te a entrar neste mist\u00e9rio com o cora\u00e7\u00e3o dispon\u00edvel, acompanhando os passos de Jesus na sua paix\u00e3o, morte e ressurrei\u00e7\u00e3o. <br>Cada celebra\u00e7\u00e3o \u00e9 um convite a parar, escutar e deixar que a luz de Deus toque a vida de modo novo. Quem se aproxima destes dias com sinceridade encontra sempre um caminho de esperan\u00e7a. <br>Vem viver a Semana Santa connosco e deixa que este tempo sagrado transforme o teu interior.<\/p>\n\n\n\n<p><\/p>\n","protected":false},"excerpt":{"rendered":"<p>A Semana Santa \u00e9 um tempo de sil\u00eancio, entrega e renova\u00e7\u00e3o interior. A Igreja do Carmo, em Viana do Castelo, dos Carmelitas Descal\u00e7os convida-te a<\/p>\n","protected":false},"author":1,"featured_media":1534,"comment_status":"open","ping_status":"open","sticky":false,"template":"","format":"standard","meta":{"footnotes":""},"categories":[1],"tags":[],"class_list":["post-1532","post","type-post","status-publish","format-standard","has-post-thumbnail","hentry","category-informacoes"],"_links":{"self":[{"href":"https:\/\/viana.carmelitas.pt\/index.php?rest_route=\/wp\/v2\/posts\/1532","targetHints":{"allow":["GET"]}}],"collection":[{"href":"https:\/\/viana.carmelitas.pt\/index.php?rest_route=\/wp\/v2\/posts"}],"about":[{"href":"https:\/\/viana.carmelitas.pt\/index.php?rest_route=\/wp\/v2\/types\/post"}],"author":[{"embeddable":true,"href":"https:\/\/viana.carmelitas.pt\/index.php?rest_route=\/wp\/v2\/users\/1"}],"replies":[{"embeddable":true,"href":"https:\/\/viana.carmelitas.pt\/index.php?rest_route=%2Fwp%2Fv2%2Fcomments&post=1532"}],"version-history":[{"count":1,"href":"https:\/\/viana.carmelitas.pt\/index.php?rest_route=\/wp\/v2\/posts\/1532\/revisions"}],"predecessor-version":[{"id":1535,"href":"https:\/\/viana.carmelitas.pt\/index.php?rest_route=\/wp\/v2\/posts\/1532\/revisions\/1535"}],"wp:featuredmedia":[{"embeddable":true,"href":"https:\/\/viana.carmelitas.pt\/index.php?rest_route=\/wp\/v2\/media\/1534"}],"wp:attachment":[{"href":"https:\/\/viana.carmelitas.pt\/index.php?rest_route=%2Fwp%2Fv2%2Fmedia&parent=1532"}],"wp:term":[{"taxonomy":"category","embeddable":true,"href":"https:\/\/viana.carmelitas.pt\/index.php?rest_route=%2Fwp%2Fv2%2Fcategories&post=1532"},{"taxonomy":"post_tag","embeddable":true,"href":"https:\/\/viana.carmelitas.pt\/index.php?rest_route=%2Fwp%2Fv2%2Ftags&post=1532"}],"curies":[{"name":"wp","href":"https:\/\/api.w.org\/{rel}","templated":true}]}}