{"id":520,"date":"2021-06-14T14:51:20","date_gmt":"2021-06-14T14:51:20","guid":{"rendered":"https:\/\/viana.carmelitas.pt\/?p=520"},"modified":"2021-06-30T16:32:22","modified_gmt":"2021-06-30T16:32:22","slug":"carmo400anos","status":"publish","type":"post","link":"https:\/\/viana.carmelitas.pt\/?p=520","title":{"rendered":"CARMO400anos"},"content":{"rendered":"\n<p>A Hist\u00f3ria \u00e9 feita de momentos e estes s\u00e3o obra do g\u00e9nio ou do acontecimento puro, mas todos se inscrevem como refer\u00eancias na hist\u00f3ria e na espiritualidade de uma comunidade. Cada um e todos contribuem para a constru\u00e7\u00e3o de uma realidade-s\u00edntese de ideias de vida, de a\u00e7\u00e3o, traduzem os sentimentos mais profundos que lhes deram forma, s\u00e3o marcas que remarcam a mem\u00f3ria dos vindouros.<\/p>\n\n\n\n<p>Junto \u00e0s margens do rio Lima, ao norte do pa\u00eds, rico em belezas naturais e em sentimentos religiosos, situa-se a linda cidade minhota, Viana do Castelo, onde os Carmelitas Descal\u00e7os se estabeleceram no segundo dec\u00e9nio do s\u00e9culo XVII.<\/p>\n\n\n\n<p><strong>CONVENTO DO CARMO | 400anos <\/strong>(1621-2021)<\/p>\n\n\n\n<figure class=\"wp-block-image size-large\"><img loading=\"lazy\" decoding=\"async\" width=\"1024\" height=\"724\" src=\"https:\/\/viana.carmelitas.pt\/wp-content\/uploads\/2021\/06\/Cartaz_Carmo-I_Jornada_Historia-3-1024x724.jpg\" alt=\"\" class=\"wp-image-594\" srcset=\"https:\/\/viana.carmelitas.pt\/wp-content\/uploads\/2021\/06\/Cartaz_Carmo-I_Jornada_Historia-3-1024x724.jpg 1024w, https:\/\/viana.carmelitas.pt\/wp-content\/uploads\/2021\/06\/Cartaz_Carmo-I_Jornada_Historia-3-300x212.jpg 300w, https:\/\/viana.carmelitas.pt\/wp-content\/uploads\/2021\/06\/Cartaz_Carmo-I_Jornada_Historia-3-768x543.jpg 768w, https:\/\/viana.carmelitas.pt\/wp-content\/uploads\/2021\/06\/Cartaz_Carmo-I_Jornada_Historia-3-1536x1086.jpg 1536w, https:\/\/viana.carmelitas.pt\/wp-content\/uploads\/2021\/06\/Cartaz_Carmo-I_Jornada_Historia-3-2048x1449.jpg 2048w\" sizes=\"auto, (max-width: 1024px) 100vw, 1024px\" \/><\/figure>\n\n\n\n<p><br><a><strong>3 de Julho |s\u00e1bado | <\/strong><\/a><strong>10h00<\/strong><\/p>\n\n\n\n<p><strong>I Jornada de Hist\u00f3ria do Carmo<\/strong><br><em>Inscri\u00e7\u00e3o gratuita por email em<\/em> <a href=\"mailto:viana@carmelitas.pt\">viana@carmelitas.pt<\/a><\/p>\n\n\n\n<p>10h00 \u2013 Sess\u00e3o de Abertura<br>10h30 \u2013 C<strong>ONFER\u00caNCIA<\/strong>: O Convento do Carmo de Viana do Castelo<br>\u00a0Sara Silva <br><em>Mestre em Hist\u00f3ria<\/em><\/p>\n\n\n\n<p>11h20 \u2013 Coffe Break<\/p>\n\n\n\n<p>11h40 \u2013 <strong>CONFER\u00caNCIA<\/strong>: Leitura Arquitet\u00f3nica do Convento do Carmo<br>Susana Fernandes<br><em>Engenheira e estudante de Arquitetura<\/em><\/p>\n\n\n\n<p>12h30 \u2013 Almo\u00e7o<\/p>\n\n\n\n<p>14h30 \u2013 <strong>CONFER\u00caNCI<\/strong>A: Fundo Antigo da Biblioteca Conventual do Carmo de Viana<br><strong>Marta Miranda<\/strong><br><em>Estagi\u00e1ria do curso de Servi\u00e7os Educativos e Patrim\u00f3nio Local &#8211; IPVC<\/em><\/p>\n\n\n\n<p>15h30 \u2013 Sess\u00e3o de Encerramento<\/p>\n\n\n\n<p>4 de Julho | Domingo | 16h00<\/p>\n\n\n\n<figure class=\"wp-block-image size-large\"><img loading=\"lazy\" decoding=\"async\" width=\"1024\" height=\"724\" src=\"https:\/\/viana.carmelitas.pt\/wp-content\/uploads\/2021\/06\/Cartaz_Carmo-seminario_70anos-004-1-1024x724.jpg\" alt=\"\" class=\"wp-image-559\" srcset=\"https:\/\/viana.carmelitas.pt\/wp-content\/uploads\/2021\/06\/Cartaz_Carmo-seminario_70anos-004-1-1024x724.jpg 1024w, https:\/\/viana.carmelitas.pt\/wp-content\/uploads\/2021\/06\/Cartaz_Carmo-seminario_70anos-004-1-300x212.jpg 300w, https:\/\/viana.carmelitas.pt\/wp-content\/uploads\/2021\/06\/Cartaz_Carmo-seminario_70anos-004-1-768x543.jpg 768w, https:\/\/viana.carmelitas.pt\/wp-content\/uploads\/2021\/06\/Cartaz_Carmo-seminario_70anos-004-1-1536x1086.jpg 1536w, https:\/\/viana.carmelitas.pt\/wp-content\/uploads\/2021\/06\/Cartaz_Carmo-seminario_70anos-004-1-2048x1449.jpg 2048w\" sizes=\"auto, (max-width: 1024px) 100vw, 1024px\" \/><\/figure>\n\n\n\n<p><strong>CONCERTO GRATID\u00c3O<\/strong><br><strong>70 anos do Semin\u00e1rio Mission\u00e1rio Carmelitano<\/strong><br>Estudantes Carmelitas Descal\u00e7os | Igreja do Carmo<br><em>Entrada gratuita<\/em><\/p>\n\n\n\n<p><br><strong>8 Julho |Quinta feira | 19h00<\/strong><\/p>\n\n\n\n<p>TEATRO: <strong>A Cidade de Viana e o Convento do Carmo<\/strong><br>Alunos da Escola do Carmo<br>Claustro do Convento do Carmo<\/p>\n\n\n\n<p><br><strong>15 de Julho | Quinta | 21h00<\/strong><\/p>\n\n\n\n<figure class=\"wp-block-image size-large\"><img loading=\"lazy\" decoding=\"async\" width=\"1024\" height=\"724\" src=\"https:\/\/viana.carmelitas.pt\/wp-content\/uploads\/2021\/06\/Cartaz_Novena_Nossa_Senhora_Carmo-2021-4-1024x724.jpg\" alt=\"\" class=\"wp-image-621\" srcset=\"https:\/\/viana.carmelitas.pt\/wp-content\/uploads\/2021\/06\/Cartaz_Novena_Nossa_Senhora_Carmo-2021-4-1024x724.jpg 1024w, https:\/\/viana.carmelitas.pt\/wp-content\/uploads\/2021\/06\/Cartaz_Novena_Nossa_Senhora_Carmo-2021-4-300x212.jpg 300w, https:\/\/viana.carmelitas.pt\/wp-content\/uploads\/2021\/06\/Cartaz_Novena_Nossa_Senhora_Carmo-2021-4-768x543.jpg 768w, https:\/\/viana.carmelitas.pt\/wp-content\/uploads\/2021\/06\/Cartaz_Novena_Nossa_Senhora_Carmo-2021-4-1536x1086.jpg 1536w, https:\/\/viana.carmelitas.pt\/wp-content\/uploads\/2021\/06\/Cartaz_Novena_Nossa_Senhora_Carmo-2021-4-2048x1449.jpg 2048w\" sizes=\"auto, (max-width: 1024px) 100vw, 1024px\" \/><\/figure>\n\n\n\n<p><strong>VIGILIA DE ORA\u00c7\u00c3O A NOSSA SENHORA DO CARMO<\/strong><br>Igreja do Carmo<\/p>\n\n\n\n<p><br><strong>16 de Julho |Sexta | 18h00<\/strong><\/p>\n\n\n\n<figure class=\"wp-block-image size-large\"><img loading=\"lazy\" decoding=\"async\" width=\"1024\" height=\"724\" src=\"https:\/\/viana.carmelitas.pt\/wp-content\/uploads\/2021\/06\/Cartaz_Carmo-CARMO400anos-1-1024x724.jpg\" alt=\"\" class=\"wp-image-561\" srcset=\"https:\/\/viana.carmelitas.pt\/wp-content\/uploads\/2021\/06\/Cartaz_Carmo-CARMO400anos-1-1024x724.jpg 1024w, https:\/\/viana.carmelitas.pt\/wp-content\/uploads\/2021\/06\/Cartaz_Carmo-CARMO400anos-1-300x212.jpg 300w, https:\/\/viana.carmelitas.pt\/wp-content\/uploads\/2021\/06\/Cartaz_Carmo-CARMO400anos-1-768x543.jpg 768w, https:\/\/viana.carmelitas.pt\/wp-content\/uploads\/2021\/06\/Cartaz_Carmo-CARMO400anos-1-1536x1086.jpg 1536w, https:\/\/viana.carmelitas.pt\/wp-content\/uploads\/2021\/06\/Cartaz_Carmo-CARMO400anos-1-2048x1449.jpg 2048w\" sizes=\"auto, (max-width: 1024px) 100vw, 1024px\" \/><\/figure>\n\n\n\n<p><strong>CONCERTO CARMO400anos<\/strong><br>Agradecimento da cidade<br>Orquestra Con Spirito | Igreja do Carmo | Entrada gratuita<\/p>\n\n\n\n<p>21h00 \u2013<strong> SOLENE EUCARISTIA EM HONRA DE NOSSA SENHORA DO CARMO<\/strong><\/p>\n","protected":false},"excerpt":{"rendered":"<p>A Hist\u00f3ria \u00e9 feita de momentos e estes s\u00e3o obra do g\u00e9nio ou do acontecimento puro, mas todos se inscrevem como refer\u00eancias na hist\u00f3ria e<\/p>\n","protected":false},"author":1,"featured_media":551,"comment_status":"open","ping_status":"open","sticky":false,"template":"","format":"standard","meta":{"footnotes":""},"categories":[1],"tags":[],"class_list":["post-520","post","type-post","status-publish","format-standard","has-post-thumbnail","hentry","category-informacoes"],"_links":{"self":[{"href":"https:\/\/viana.carmelitas.pt\/index.php?rest_route=\/wp\/v2\/posts\/520","targetHints":{"allow":["GET"]}}],"collection":[{"href":"https:\/\/viana.carmelitas.pt\/index.php?rest_route=\/wp\/v2\/posts"}],"about":[{"href":"https:\/\/viana.carmelitas.pt\/index.php?rest_route=\/wp\/v2\/types\/post"}],"author":[{"embeddable":true,"href":"https:\/\/viana.carmelitas.pt\/index.php?rest_route=\/wp\/v2\/users\/1"}],"replies":[{"embeddable":true,"href":"https:\/\/viana.carmelitas.pt\/index.php?rest_route=%2Fwp%2Fv2%2Fcomments&post=520"}],"version-history":[{"count":17,"href":"https:\/\/viana.carmelitas.pt\/index.php?rest_route=\/wp\/v2\/posts\/520\/revisions"}],"predecessor-version":[{"id":624,"href":"https:\/\/viana.carmelitas.pt\/index.php?rest_route=\/wp\/v2\/posts\/520\/revisions\/624"}],"wp:featuredmedia":[{"embeddable":true,"href":"https:\/\/viana.carmelitas.pt\/index.php?rest_route=\/wp\/v2\/media\/551"}],"wp:attachment":[{"href":"https:\/\/viana.carmelitas.pt\/index.php?rest_route=%2Fwp%2Fv2%2Fmedia&parent=520"}],"wp:term":[{"taxonomy":"category","embeddable":true,"href":"https:\/\/viana.carmelitas.pt\/index.php?rest_route=%2Fwp%2Fv2%2Fcategories&post=520"},{"taxonomy":"post_tag","embeddable":true,"href":"https:\/\/viana.carmelitas.pt\/index.php?rest_route=%2Fwp%2Fv2%2Ftags&post=520"}],"curies":[{"name":"wp","href":"https:\/\/api.w.org\/{rel}","templated":true}]}}