{"id":663,"date":"2021-09-27T18:30:40","date_gmt":"2021-09-27T18:30:40","guid":{"rendered":"https:\/\/viana.carmelitas.pt\/?p=663"},"modified":"2022-01-31T21:30:19","modified_gmt":"2022-01-31T21:30:19","slug":"pastoral-de-espiritualidade","status":"publish","type":"post","link":"https:\/\/viana.carmelitas.pt\/?p=663","title":{"rendered":"Pastoral de Espiritualidade"},"content":{"rendered":"\n<p class=\"has-black-color has-text-color\">No arranque do novo ano pastoral, os Carmelitas Descal\u00e7os do Convento do Carmo de Viana do Castelo promovem uma s\u00e9rie encontros, que pretendem despertar os participantes para o encontro com Deus.<\/p>\n\n\n\n<p class=\"has-black-color has-text-color\">Os encontros decorrer\u00e3o no sala terceiros no Convento do Carmo (entrada principal). Iniciando com a celebra\u00e7\u00e3o da Eucaristia, \u00e0s 9h00, e terminando cerca das 16h30.<\/p>\n\n\n\n<p class=\"has-black-color has-text-color\">As inscri\u00e7\u00f5es podem ser feitas na portaria do Convento do Carmo ou atrav\u00e9s do n\u00famero de telefone 258 822&nbsp;264, ou ainda pelo endere\u00e7o de correio eletr\u00f3nico: <a href=\"mailto:viana@carmelitas.pt\">viana@carmelitas.pt<\/a>.<\/p>\n\n\n\n<p class=\"has-black-color has-text-color has-medium-font-size\"><strong><u>26 de Fevereiro<\/u><\/strong> <strong>de 2022<\/strong><\/p>\n\n\n\n<p class=\"has-black-color has-text-color has-medium-font-size\"><strong>A PORTA PARA ENTRAR NO TEU CASTELO \u00c9 A ORA\u00c7\u00c3O<\/strong> <br><strong>I Jornada Pastoral com Teresa de Jesus<\/strong>  <br><strong>(P. Vasco Nuno, OCD)<\/strong><\/p>\n\n\n\n<p class=\"has-black-color has-text-color has-medium-font-size\"><strong><u>5 de Mar\u00e7o<\/u><\/strong> <strong>de 2022<\/strong><\/p>\n\n\n\n<p class=\"has-black-color has-text-color has-medium-font-size\"><strong>RETIRO DE QUARESMA<\/strong><br><strong>&#8220;Tempo para escalar a tua vida\u201d  <\/strong><br><strong>(P. Marco Caldas, OCD)<\/strong><\/p>\n\n\n\n<p class=\"has-black-color has-text-color has-medium-font-size\"><u><strong>23 de Abril<\/strong><\/u> <strong>de 2022<\/strong><\/p>\n\n\n\n<p class=\"has-black-color has-text-color has-medium-font-size\"><strong>RETIRO DE TEMPO PASCAL<\/strong><br><strong>\u201cTempo de miseric\u00f3rdia\u201d <\/strong><br><strong>(P. Marco Caldas, OCD)<\/strong><\/p>\n\n\n\n<p class=\"has-black-color has-text-color has-medium-font-size\"><strong><u>28 de Maio<\/u><\/strong> <strong>de 2022<\/strong><\/p>\n\n\n\n<p class=\"has-black-color has-text-color has-medium-font-size\"><strong>A PORTA PARA ENTRAR NO TEU CASTELO \u00c9 A ORA\u00c7\u00c3O<\/strong> <br><strong>II Jornada Pastoral com Teresa de Jesus<\/strong>  <br><strong>(P. Vasco Nuno, OCD)<\/strong> <\/p>\n","protected":false},"excerpt":{"rendered":"<p>No arranque do novo ano pastoral, os Carmelitas Descal\u00e7os do Convento do Carmo de Viana do Castelo promovem uma s\u00e9rie encontros, que pretendem despertar os<\/p>\n","protected":false},"author":1,"featured_media":671,"comment_status":"open","ping_status":"open","sticky":false,"template":"","format":"standard","meta":{"footnotes":""},"categories":[1],"tags":[],"class_list":["post-663","post","type-post","status-publish","format-standard","has-post-thumbnail","hentry","category-informacoes"],"_links":{"self":[{"href":"https:\/\/viana.carmelitas.pt\/index.php?rest_route=\/wp\/v2\/posts\/663","targetHints":{"allow":["GET"]}}],"collection":[{"href":"https:\/\/viana.carmelitas.pt\/index.php?rest_route=\/wp\/v2\/posts"}],"about":[{"href":"https:\/\/viana.carmelitas.pt\/index.php?rest_route=\/wp\/v2\/types\/post"}],"author":[{"embeddable":true,"href":"https:\/\/viana.carmelitas.pt\/index.php?rest_route=\/wp\/v2\/users\/1"}],"replies":[{"embeddable":true,"href":"https:\/\/viana.carmelitas.pt\/index.php?rest_route=%2Fwp%2Fv2%2Fcomments&post=663"}],"version-history":[{"count":13,"href":"https:\/\/viana.carmelitas.pt\/index.php?rest_route=\/wp\/v2\/posts\/663\/revisions"}],"predecessor-version":[{"id":767,"href":"https:\/\/viana.carmelitas.pt\/index.php?rest_route=\/wp\/v2\/posts\/663\/revisions\/767"}],"wp:featuredmedia":[{"embeddable":true,"href":"https:\/\/viana.carmelitas.pt\/index.php?rest_route=\/wp\/v2\/media\/671"}],"wp:attachment":[{"href":"https:\/\/viana.carmelitas.pt\/index.php?rest_route=%2Fwp%2Fv2%2Fmedia&parent=663"}],"wp:term":[{"taxonomy":"category","embeddable":true,"href":"https:\/\/viana.carmelitas.pt\/index.php?rest_route=%2Fwp%2Fv2%2Fcategories&post=663"},{"taxonomy":"post_tag","embeddable":true,"href":"https:\/\/viana.carmelitas.pt\/index.php?rest_route=%2Fwp%2Fv2%2Ftags&post=663"}],"curies":[{"name":"wp","href":"https:\/\/api.w.org\/{rel}","templated":true}]}}