{"id":679,"date":"2021-09-28T17:09:53","date_gmt":"2021-09-28T17:09:53","guid":{"rendered":"https:\/\/viana.carmelitas.pt\/?p=679"},"modified":"2021-09-29T10:50:44","modified_gmt":"2021-09-29T10:50:44","slug":"triduo-e-festa-sta-teresa-do-menino-jesus","status":"publish","type":"post","link":"https:\/\/viana.carmelitas.pt\/?p=679","title":{"rendered":"Santa Teresa do Menino Jesus"},"content":{"rendered":"\n<p class=\"has-text-align-left has-medium-font-size\"><strong>O Deus de Teresa do Menino Jesus \u00e9 o Deus de Jesus, o Deus do Evangelho, o Deus da miseric\u00f3rdia. A miseric\u00f3rdia faz parte da no\u00e7\u00e3o teresiana de Deus e constitui o conte\u00fado da sua ora\u00e7\u00e3o e contempla\u00e7\u00e3o, \u201ca ess\u00eancia da sua intimidade com o Senhor, a ess\u00eancia do seu di\u00e1logo com Ele\u201d<\/strong>.<\/p>\n\n\n\n<div class=\"wp-block-image is-style-rounded\"><figure class=\"aligncenter size-large is-resized\"><img loading=\"lazy\" decoding=\"async\" src=\"https:\/\/viana.carmelitas.pt\/wp-content\/uploads\/2021\/09\/coracao-descalco-post-FB-19-1024x1024.jpg\" alt=\"\" class=\"wp-image-689\" width=\"341\" height=\"341\" srcset=\"https:\/\/viana.carmelitas.pt\/wp-content\/uploads\/2021\/09\/coracao-descalco-post-FB-19-1024x1024.jpg 1024w, https:\/\/viana.carmelitas.pt\/wp-content\/uploads\/2021\/09\/coracao-descalco-post-FB-19-300x300.jpg 300w, https:\/\/viana.carmelitas.pt\/wp-content\/uploads\/2021\/09\/coracao-descalco-post-FB-19-150x150.jpg 150w, https:\/\/viana.carmelitas.pt\/wp-content\/uploads\/2021\/09\/coracao-descalco-post-FB-19-768x768.jpg 768w, https:\/\/viana.carmelitas.pt\/wp-content\/uploads\/2021\/09\/coracao-descalco-post-FB-19-800x800.jpg 800w, https:\/\/viana.carmelitas.pt\/wp-content\/uploads\/2021\/09\/coracao-descalco-post-FB-19.jpg 1042w\" sizes=\"auto, (max-width: 341px) 100vw, 341px\" \/><\/figure><\/div>\n","protected":false},"excerpt":{"rendered":"<p>O Deus de Teresa do Menino Jesus \u00e9 o Deus de Jesus, o Deus do Evangelho, o Deus da miseric\u00f3rdia. A miseric\u00f3rdia faz parte da<\/p>\n","protected":false},"author":1,"featured_media":699,"comment_status":"open","ping_status":"open","sticky":false,"template":"","format":"standard","meta":{"footnotes":""},"categories":[1],"tags":[],"class_list":["post-679","post","type-post","status-publish","format-standard","has-post-thumbnail","hentry","category-informacoes"],"_links":{"self":[{"href":"https:\/\/viana.carmelitas.pt\/index.php?rest_route=\/wp\/v2\/posts\/679","targetHints":{"allow":["GET"]}}],"collection":[{"href":"https:\/\/viana.carmelitas.pt\/index.php?rest_route=\/wp\/v2\/posts"}],"about":[{"href":"https:\/\/viana.carmelitas.pt\/index.php?rest_route=\/wp\/v2\/types\/post"}],"author":[{"embeddable":true,"href":"https:\/\/viana.carmelitas.pt\/index.php?rest_route=\/wp\/v2\/users\/1"}],"replies":[{"embeddable":true,"href":"https:\/\/viana.carmelitas.pt\/index.php?rest_route=%2Fwp%2Fv2%2Fcomments&post=679"}],"version-history":[{"count":11,"href":"https:\/\/viana.carmelitas.pt\/index.php?rest_route=\/wp\/v2\/posts\/679\/revisions"}],"predecessor-version":[{"id":700,"href":"https:\/\/viana.carmelitas.pt\/index.php?rest_route=\/wp\/v2\/posts\/679\/revisions\/700"}],"wp:featuredmedia":[{"embeddable":true,"href":"https:\/\/viana.carmelitas.pt\/index.php?rest_route=\/wp\/v2\/media\/699"}],"wp:attachment":[{"href":"https:\/\/viana.carmelitas.pt\/index.php?rest_route=%2Fwp%2Fv2%2Fmedia&parent=679"}],"wp:term":[{"taxonomy":"category","embeddable":true,"href":"https:\/\/viana.carmelitas.pt\/index.php?rest_route=%2Fwp%2Fv2%2Fcategories&post=679"},{"taxonomy":"post_tag","embeddable":true,"href":"https:\/\/viana.carmelitas.pt\/index.php?rest_route=%2Fwp%2Fv2%2Ftags&post=679"}],"curies":[{"name":"wp","href":"https:\/\/api.w.org\/{rel}","templated":true}]}}